{"id":11414,"date":"2025-05-25T22:57:37","date_gmt":"2025-05-25T22:57:37","guid":{"rendered":"https:\/\/www.codar.cl\/index\/?p=11414"},"modified":"2025-05-25T22:58:11","modified_gmt":"2025-05-25T22:58:11","slug":"codar-se-une-al-dia-de-los-patrimonios-culturales-2025","status":"publish","type":"post","link":"https:\/\/www.codar.cl\/index\/codar-se-une-al-dia-de-los-patrimonios-culturales-2025\/","title":{"rendered":"CODAR SE UNE AL D\u00cdA DE LOS PATRIMONIOS CULTURALES 2025"},"content":{"rendered":"\n<p>Cerca de 100 personas fueron las que participaron en las tres rutas de avistamiento de aves que la Corporaci\u00f3n de Adelanto y Desarrollo de Re\u00f1aca organiz\u00f3 con motivo de Dia de los Patrimonios Culturales 2025.<\/p>\n\n\n\n<p>Cada ruta fue liderada por el Gu\u00eda Local de BirdWatching Roberto Contreras, quien llev\u00f3 a los asistentes a descubrir el maravilloso patrimonio natural que existe en Re\u00f1aca y que &nbsp;nuestra Corporaci\u00f3n se ha preocupado de dar a conocer con el fin de educar, cuidar y preservar.<\/p>\n","protected":false},"excerpt":{"rendered":"<p>Cerca de 100 personas fueron las que participaron en las tres rutas de avistamiento de aves que la Corporaci\u00f3n de Adelanto y Desarrollo de Re\u00f1aca organiz\u00f3 con motivo de Dia de los Patrimonios Culturales 2025. Cada ruta fue liderada por el Gu\u00eda Local de BirdWatching Roberto Contreras, quien llev\u00f3 a los asistentes a descubrir el [&hellip;]<\/p>\n","protected":false},"author":2,"featured_media":11415,"comment_status":"open","ping_status":"open","sticky":false,"template":"","format":"standard","meta":{"footnotes":""},"categories":[1,2],"tags":[],"class_list":["post-11414","post","type-post","status-publish","format-standard","has-post-thumbnail","hentry","category-sin-categoria","category-noticias"],"rttpg_featured_image_url":{"full":["https:\/\/www.codar.cl\/index\/wp-content\/uploads\/2025\/05\/IMG_6081-scaled.jpg",1920,2560,false],"landscape":["https:\/\/www.codar.cl\/index\/wp-content\/uploads\/2025\/05\/IMG_6081-scaled.jpg",1920,2560,false],"portraits":["https:\/\/www.codar.cl\/index\/wp-content\/uploads\/2025\/05\/IMG_6081-scaled.jpg",1920,2560,false],"thumbnail":["https:\/\/www.codar.cl\/index\/wp-content\/uploads\/2025\/05\/IMG_6081-150x150.jpg",150,150,true],"medium":["https:\/\/www.codar.cl\/index\/wp-content\/uploads\/2025\/05\/IMG_6081-225x300.jpg",225,300,true],"large":["https:\/\/www.codar.cl\/index\/wp-content\/uploads\/2025\/05\/IMG_6081-scaled.jpg",1920,2560,false],"post-thumbnail":["https:\/\/www.codar.cl\/index\/wp-content\/uploads\/2025\/05\/IMG_6081-770x513.jpg",770,513,true]},"rttpg_author":{"display_name":"Marcela cadematorig","author_link":"https:\/\/www.codar.cl\/index\/author\/marcela\/"},"rttpg_comment":0,"rttpg_category":"<a href=\"https:\/\/www.codar.cl\/index\/category\/sin-categoria\/\" rel=\"category tag\">Actividades<\/a> <a href=\"https:\/\/www.codar.cl\/index\/category\/noticias\/\" rel=\"category tag\">Noticias Codar<\/a>","rttpg_excerpt":"Cerca de 100 personas fueron las que participaron en las tres rutas de avistamiento de aves que la Corporaci\u00f3n de Adelanto y Desarrollo de Re\u00f1aca organiz\u00f3 con motivo de Dia de los Patrimonios Culturales 2025. Cada ruta fue liderada por el Gu\u00eda Local de BirdWatching Roberto Contreras, quien llev\u00f3 a los asistentes a descubrir el&hellip;","_links":{"self":[{"href":"https:\/\/www.codar.cl\/index\/wp-json\/wp\/v2\/posts\/11414","targetHints":{"allow":["GET"]}}],"collection":[{"href":"https:\/\/www.codar.cl\/index\/wp-json\/wp\/v2\/posts"}],"about":[{"href":"https:\/\/www.codar.cl\/index\/wp-json\/wp\/v2\/types\/post"}],"author":[{"embeddable":true,"href":"https:\/\/www.codar.cl\/index\/wp-json\/wp\/v2\/users\/2"}],"replies":[{"embeddable":true,"href":"https:\/\/www.codar.cl\/index\/wp-json\/wp\/v2\/comments?post=11414"}],"version-history":[{"count":2,"href":"https:\/\/www.codar.cl\/index\/wp-json\/wp\/v2\/posts\/11414\/revisions"}],"predecessor-version":[{"id":11417,"href":"https:\/\/www.codar.cl\/index\/wp-json\/wp\/v2\/posts\/11414\/revisions\/11417"}],"wp:featuredmedia":[{"embeddable":true,"href":"https:\/\/www.codar.cl\/index\/wp-json\/wp\/v2\/media\/11415"}],"wp:attachment":[{"href":"https:\/\/www.codar.cl\/index\/wp-json\/wp\/v2\/media?parent=11414"}],"wp:term":[{"taxonomy":"category","embeddable":true,"href":"https:\/\/www.codar.cl\/index\/wp-json\/wp\/v2\/categories?post=11414"},{"taxonomy":"post_tag","embeddable":true,"href":"https:\/\/www.codar.cl\/index\/wp-json\/wp\/v2\/tags?post=11414"}],"curies":[{"name":"wp","href":"https:\/\/api.w.org\/{rel}","templated":true}]}}