{"id":11419,"date":"2025-06-03T01:04:22","date_gmt":"2025-06-03T01:04:22","guid":{"rendered":"https:\/\/www.codar.cl\/index\/?p=11419"},"modified":"2025-11-05T16:16:29","modified_gmt":"2025-11-05T16:16:29","slug":"ceremonia-de-homenaje-a-la-armada-de-chile-y-a-las-glorias-navales","status":"publish","type":"post","link":"https:\/\/www.codar.cl\/index\/ceremonia-de-homenaje-a-la-armada-de-chile-y-a-las-glorias-navales\/","title":{"rendered":"CEREMONIA DE HOMENAJE A LA ARMADA DE CHILE Y A LAS GLORIAS NAVALES"},"content":{"rendered":"\n<p>Con la asistencia de&nbsp; autoridades civiles, militares, de carabineros, vecinos y delegaciones escolares se realiz\u00f3 la ceremonia de homenaje a la Armada de Chile y a las Glorias Navales, actividad organizada por la Junta de Vecinos de Jard\u00edn del Mar, la Asociaci\u00f3n Gremial de Oficiales de la Armada en Retiro (Asofar), y la Corporaci\u00f3n de Adelanto y Desarrollo de Re\u00f1aca (CODAR) en el contexto del Mes del Mar.<\/p>\n\n\n\n<p>Un emotivo momento se vivi\u00f3 con el&nbsp; izamiento de la bandera en el Asta Monumental de Re\u00f1aca, ubicada en la Bater\u00eda de Defensa de Costa de Re\u00f1aca, destacando el valor patrimonial del sitio.<\/p>\n\n\n\n<p>Agradecemos a todos quienes participaron de este evento, que sin duda significa un reconocimiento y gratitud a la&nbsp; Armada de Chile.<\/p>\n\n\n\n<figure class=\"wp-block-gallery has-nested-images columns-default is-cropped wp-block-gallery-1 is-layout-flex wp-block-gallery-is-layout-flex\">\n<figure class=\"wp-block-image size-large\"><img decoding=\"async\" data-id=\"11420\" src=\"https:\/\/www.codar.cl\/index\/wp-content\/uploads\/2025\/06\/DSC04102-1024x683.jpg\" alt=\"\" class=\"wp-image-11420\"\/><\/figure>\n\n\n\n<figure class=\"wp-block-image size-large\"><img decoding=\"async\" data-id=\"11421\" src=\"https:\/\/www.codar.cl\/index\/wp-content\/uploads\/2025\/06\/DSC04135-Mejorado-NR-1024x683.jpg\" alt=\"\" class=\"wp-image-11421\"\/><\/figure>\n<\/figure>\n\n\n\n<figure class=\"wp-block-gallery has-nested-images columns-default is-cropped wp-block-gallery-2 is-layout-flex wp-block-gallery-is-layout-flex\">\n<figure class=\"wp-block-image size-large\"><img decoding=\"async\" data-id=\"11428\" src=\"https:\/\/www.codar.cl\/index\/wp-content\/uploads\/2025\/06\/DSC04015-1024x683.jpg\" alt=\"\" class=\"wp-image-11428\"\/><\/figure>\n\n\n\n<figure class=\"wp-block-image size-large\"><img decoding=\"async\" data-id=\"11429\" src=\"https:\/\/www.codar.cl\/index\/wp-content\/uploads\/2025\/06\/DSC04017-1024x683.jpg\" alt=\"\" class=\"wp-image-11429\"\/><\/figure>\n\n\n\n<figure class=\"wp-block-image size-large\"><img decoding=\"async\" data-id=\"11427\" src=\"https:\/\/www.codar.cl\/index\/wp-content\/uploads\/2025\/06\/DSC04021-1024x683.jpg\" alt=\"\" class=\"wp-image-11427\"\/><\/figure>\n<\/figure>\n\n\n\n<figure class=\"wp-block-gallery has-nested-images columns-default is-cropped wp-block-gallery-3 is-layout-flex wp-block-gallery-is-layout-flex\">\n<figure class=\"wp-block-image size-large\"><img decoding=\"async\" data-id=\"11431\" src=\"https:\/\/www.codar.cl\/index\/wp-content\/uploads\/2025\/06\/DSC03990-1024x683.jpg\" alt=\"\" class=\"wp-image-11431\"\/><\/figure>\n\n\n\n<figure class=\"wp-block-image size-large\"><img decoding=\"async\" data-id=\"11430\" src=\"https:\/\/www.codar.cl\/index\/wp-content\/uploads\/2025\/06\/DSC04062-1-1024x683.jpg\" alt=\"\" class=\"wp-image-11430\"\/><\/figure>\n\n\n\n<figure class=\"wp-block-image size-large\"><img decoding=\"async\" data-id=\"11432\" src=\"https:\/\/www.codar.cl\/index\/wp-content\/uploads\/2025\/06\/DSC04064-1-1024x683.jpg\" alt=\"\" class=\"wp-image-11432\"\/><\/figure>\n\n\n\n<figure class=\"wp-block-image size-large\"><img decoding=\"async\" data-id=\"11433\" src=\"https:\/\/www.codar.cl\/index\/wp-content\/uploads\/2025\/06\/DSC04065-1-1024x683.jpg\" alt=\"\" class=\"wp-image-11433\"\/><\/figure>\n\n\n\n<figure class=\"wp-block-image size-large\"><img decoding=\"async\" data-id=\"11434\" src=\"https:\/\/www.codar.cl\/index\/wp-content\/uploads\/2025\/06\/DSC04079-1-1024x683.jpg\" alt=\"\" class=\"wp-image-11434\"\/><\/figure>\n\n\n\n<figure class=\"wp-block-image size-large\"><img decoding=\"async\" data-id=\"11435\" src=\"https:\/\/www.codar.cl\/index\/wp-content\/uploads\/2025\/06\/DSC04083-1024x683.jpg\" alt=\"\" class=\"wp-image-11435\"\/><\/figure>\n\n\n\n<figure class=\"wp-block-image size-large\"><img decoding=\"async\" data-id=\"11436\" src=\"https:\/\/www.codar.cl\/index\/wp-content\/uploads\/2025\/06\/DSC04088-1-1024x683.jpg\" alt=\"\" class=\"wp-image-11436\"\/><\/figure>\n<\/figure>\n","protected":false},"excerpt":{"rendered":"<p>Con la asistencia de&nbsp; autoridades civiles, militares, de carabineros, vecinos y delegaciones escolares se realiz\u00f3 la ceremonia de homenaje a la Armada de Chile y a las Glorias Navales, actividad organizada por la Junta de Vecinos de Jard\u00edn del Mar, la Asociaci\u00f3n Gremial de Oficiales de la Armada en Retiro (Asofar), y la Corporaci\u00f3n de [&hellip;]<\/p>\n","protected":false},"author":2,"featured_media":11426,"comment_status":"open","ping_status":"open","sticky":false,"template":"","format":"standard","meta":{"footnotes":""},"categories":[1],"tags":[],"class_list":["post-11419","post","type-post","status-publish","format-standard","has-post-thumbnail","hentry","category-sin-categoria"],"rttpg_featured_image_url":{"full":["https:\/\/www.codar.cl\/index\/wp-content\/uploads\/2025\/06\/DSC04088-scaled.jpg",2560,1707,false],"landscape":["https:\/\/www.codar.cl\/index\/wp-content\/uploads\/2025\/06\/DSC04088-scaled.jpg",2560,1707,false],"portraits":["https:\/\/www.codar.cl\/index\/wp-content\/uploads\/2025\/06\/DSC04088-scaled.jpg",2560,1707,false],"thumbnail":["https:\/\/www.codar.cl\/index\/wp-content\/uploads\/2025\/06\/DSC04088-150x150.jpg",150,150,true],"medium":["https:\/\/www.codar.cl\/index\/wp-content\/uploads\/2025\/06\/DSC04088-300x200.jpg",300,200,true],"large":["https:\/\/www.codar.cl\/index\/wp-content\/uploads\/2025\/06\/DSC04088-scaled.jpg",2560,1707,false],"post-thumbnail":["https:\/\/www.codar.cl\/index\/wp-content\/uploads\/2025\/06\/DSC04088-770x513.jpg",770,513,true]},"rttpg_author":{"display_name":"Marcela cadematorig","author_link":"https:\/\/www.codar.cl\/index\/author\/marcela\/"},"rttpg_comment":0,"rttpg_category":"<a href=\"https:\/\/www.codar.cl\/index\/category\/sin-categoria\/\" rel=\"category tag\">Actividades<\/a>","rttpg_excerpt":"Con la asistencia de&nbsp; autoridades civiles, militares, de carabineros, vecinos y delegaciones escolares se realiz\u00f3 la ceremonia de homenaje a la Armada de Chile y a las Glorias Navales, actividad organizada por la Junta de Vecinos de Jard\u00edn del Mar, la Asociaci\u00f3n Gremial de Oficiales de la Armada en Retiro (Asofar), y la Corporaci\u00f3n de&hellip;","_links":{"self":[{"href":"https:\/\/www.codar.cl\/index\/wp-json\/wp\/v2\/posts\/11419","targetHints":{"allow":["GET"]}}],"collection":[{"href":"https:\/\/www.codar.cl\/index\/wp-json\/wp\/v2\/posts"}],"about":[{"href":"https:\/\/www.codar.cl\/index\/wp-json\/wp\/v2\/types\/post"}],"author":[{"embeddable":true,"href":"https:\/\/www.codar.cl\/index\/wp-json\/wp\/v2\/users\/2"}],"replies":[{"embeddable":true,"href":"https:\/\/www.codar.cl\/index\/wp-json\/wp\/v2\/comments?post=11419"}],"version-history":[{"count":1,"href":"https:\/\/www.codar.cl\/index\/wp-json\/wp\/v2\/posts\/11419\/revisions"}],"predecessor-version":[{"id":11437,"href":"https:\/\/www.codar.cl\/index\/wp-json\/wp\/v2\/posts\/11419\/revisions\/11437"}],"wp:featuredmedia":[{"embeddable":true,"href":"https:\/\/www.codar.cl\/index\/wp-json\/wp\/v2\/media\/11426"}],"wp:attachment":[{"href":"https:\/\/www.codar.cl\/index\/wp-json\/wp\/v2\/media?parent=11419"}],"wp:term":[{"taxonomy":"category","embeddable":true,"href":"https:\/\/www.codar.cl\/index\/wp-json\/wp\/v2\/categories?post=11419"},{"taxonomy":"post_tag","embeddable":true,"href":"https:\/\/www.codar.cl\/index\/wp-json\/wp\/v2\/tags?post=11419"}],"curies":[{"name":"wp","href":"https:\/\/api.w.org\/{rel}","templated":true}]}}