{"id":12530,"date":"2025-08-21T02:24:01","date_gmt":"2025-08-21T02:24:01","guid":{"rendered":"https:\/\/www.codar.cl\/index\/?p=12530"},"modified":"2025-11-05T16:15:10","modified_gmt":"2025-11-05T16:15:10","slug":"conferencia-bernardo-ohiggins-riquelme-el-legado-maritimo-del-libertador","status":"publish","type":"post","link":"https:\/\/www.codar.cl\/index\/conferencia-bernardo-ohiggins-riquelme-el-legado-maritimo-del-libertador\/","title":{"rendered":"CONFERENCIA &#8220;BERNARDO O&#8217;HIGGINS RIQUELME. EL LEGADO MAR\u00cdTIMO DEL LIBERTADOR&#8221;,"},"content":{"rendered":"\n<p>Un alto inter\u00e9s convoc\u00f3 la conferencia realizada &nbsp;por el acad\u00e9mico de n\u00famero de la Academia de Historia Naval y Mar\u00edtima de Chile, &nbsp;Contralmirante Alexander Tavra Checura, quien &nbsp;present\u00f3 la conferencia &#8220;bernardo o&#8217;higgins riquelme. el legado mar\u00edtimo del libertador&#8221;, en la que explor\u00f3 la importancia de la marina en la lucha por la independencia de Chile y el papel fundamental que jug\u00f3 el Libertador Bernardo O&#8217;Higgins en la creaci\u00f3n y desarrollo de la Armada de Chile.<\/p>\n\n\n\n<p>La conferencia se centr\u00f3 en la visi\u00f3n estrat\u00e9gica de O&#8217;Higgins para establecer una marina poderosa que permitiera a Chile consolidar su independencia y proyectarse en el Pac\u00edfico. Tavra destac\u00f3 la importancia de la marina en la campa\u00f1a de liberaci\u00f3n de Per\u00fa y la creaci\u00f3n de la Escuadra Nacional, que jug\u00f3 un papel clave en la Batalla de Chilo\u00e9.<\/p>\n","protected":false},"excerpt":{"rendered":"<p>Un alto inter\u00e9s convoc\u00f3 la conferencia realizada &nbsp;por el acad\u00e9mico de n\u00famero de la Academia de Historia Naval y Mar\u00edtima de Chile, &nbsp;Contralmirante Alexander Tavra Checura, quien &nbsp;present\u00f3 la conferencia &#8220;bernardo o&#8217;higgins riquelme. el legado mar\u00edtimo del libertador&#8221;, en la que explor\u00f3 la importancia de la marina en la lucha por la independencia de Chile [&hellip;]<\/p>\n","protected":false},"author":2,"featured_media":12531,"comment_status":"open","ping_status":"open","sticky":false,"template":"","format":"standard","meta":{"footnotes":""},"categories":[1],"tags":[],"class_list":["post-12530","post","type-post","status-publish","format-standard","has-post-thumbnail","hentry","category-sin-categoria"],"rttpg_featured_image_url":{"full":["https:\/\/www.codar.cl\/index\/wp-content\/uploads\/2025\/08\/IMG_9719-scaled.jpg",2560,1920,false],"landscape":["https:\/\/www.codar.cl\/index\/wp-content\/uploads\/2025\/08\/IMG_9719-scaled.jpg",2560,1920,false],"portraits":["https:\/\/www.codar.cl\/index\/wp-content\/uploads\/2025\/08\/IMG_9719-scaled.jpg",2560,1920,false],"thumbnail":["https:\/\/www.codar.cl\/index\/wp-content\/uploads\/2025\/08\/IMG_9719-150x150.jpg",150,150,true],"medium":["https:\/\/www.codar.cl\/index\/wp-content\/uploads\/2025\/08\/IMG_9719-300x225.jpg",300,225,true],"large":["https:\/\/www.codar.cl\/index\/wp-content\/uploads\/2025\/08\/IMG_9719-scaled.jpg",2560,1920,false],"post-thumbnail":["https:\/\/www.codar.cl\/index\/wp-content\/uploads\/2025\/08\/IMG_9719-770x513.jpg",770,513,true]},"rttpg_author":{"display_name":"Marcela cadematorig","author_link":"https:\/\/www.codar.cl\/index\/author\/marcela\/"},"rttpg_comment":0,"rttpg_category":"<a href=\"https:\/\/www.codar.cl\/index\/category\/sin-categoria\/\" rel=\"category tag\">Actividades<\/a>","rttpg_excerpt":"Un alto inter\u00e9s convoc\u00f3 la conferencia realizada &nbsp;por el acad\u00e9mico de n\u00famero de la Academia de Historia Naval y Mar\u00edtima de Chile, &nbsp;Contralmirante Alexander Tavra Checura, quien &nbsp;present\u00f3 la conferencia &#8220;bernardo o&#8217;higgins riquelme. el legado mar\u00edtimo del libertador&#8221;, en la que explor\u00f3 la importancia de la marina en la lucha por la independencia de Chile&hellip;","_links":{"self":[{"href":"https:\/\/www.codar.cl\/index\/wp-json\/wp\/v2\/posts\/12530","targetHints":{"allow":["GET"]}}],"collection":[{"href":"https:\/\/www.codar.cl\/index\/wp-json\/wp\/v2\/posts"}],"about":[{"href":"https:\/\/www.codar.cl\/index\/wp-json\/wp\/v2\/types\/post"}],"author":[{"embeddable":true,"href":"https:\/\/www.codar.cl\/index\/wp-json\/wp\/v2\/users\/2"}],"replies":[{"embeddable":true,"href":"https:\/\/www.codar.cl\/index\/wp-json\/wp\/v2\/comments?post=12530"}],"version-history":[{"count":2,"href":"https:\/\/www.codar.cl\/index\/wp-json\/wp\/v2\/posts\/12530\/revisions"}],"predecessor-version":[{"id":12533,"href":"https:\/\/www.codar.cl\/index\/wp-json\/wp\/v2\/posts\/12530\/revisions\/12533"}],"wp:featuredmedia":[{"embeddable":true,"href":"https:\/\/www.codar.cl\/index\/wp-json\/wp\/v2\/media\/12531"}],"wp:attachment":[{"href":"https:\/\/www.codar.cl\/index\/wp-json\/wp\/v2\/media?parent=12530"}],"wp:term":[{"taxonomy":"category","embeddable":true,"href":"https:\/\/www.codar.cl\/index\/wp-json\/wp\/v2\/categories?post=12530"},{"taxonomy":"post_tag","embeddable":true,"href":"https:\/\/www.codar.cl\/index\/wp-json\/wp\/v2\/tags?post=12530"}],"curies":[{"name":"wp","href":"https:\/\/api.w.org\/{rel}","templated":true}]}}