{"id":12908,"date":"2025-09-12T20:11:02","date_gmt":"2025-09-12T20:11:02","guid":{"rendered":"https:\/\/www.codar.cl\/index\/?p=12908"},"modified":"2025-11-05T16:13:45","modified_gmt":"2025-11-05T16:13:45","slug":"charla-el-valor-de-los-abuelos-en-sala-codar","status":"publish","type":"post","link":"https:\/\/www.codar.cl\/index\/charla-el-valor-de-los-abuelos-en-sala-codar\/","title":{"rendered":"CHARLA &#8220;EL VALOR DE LOS ABUELOS&#8221; EN SALA CODAR"},"content":{"rendered":"\n<p>En sala Codar tuvimos el honor de recibir a &nbsp;<strong>Silvana Dimonti<\/strong>, quien nos brind\u00f3 una emotiva y profunda charla sobre <strong>&#8220;El valor de los abuelos&#8221;<\/strong>.<\/p>\n\n\n\n<p>Silvana nos invit\u00f3 a reflexionar sobre el rol fundamental que cumplen los abuelos en nuestras familias y en la sociedad. Nos record\u00f3 que son pilares de amor, sabidur\u00eda y apoyo incondicional. Sus historias y experiencias son un legado invaluable que debemos atesorar y transmitir a las nuevas generaciones.<\/p>\n","protected":false},"excerpt":{"rendered":"<p>En sala Codar tuvimos el honor de recibir a &nbsp;Silvana Dimonti, quien nos brind\u00f3 una emotiva y profunda charla sobre &#8220;El valor de los abuelos&#8221;. Silvana nos invit\u00f3 a reflexionar sobre el rol fundamental que cumplen los abuelos en nuestras familias y en la sociedad. Nos record\u00f3 que son pilares de amor, sabidur\u00eda y apoyo [&hellip;]<\/p>\n","protected":false},"author":2,"featured_media":12910,"comment_status":"open","ping_status":"open","sticky":false,"template":"","format":"standard","meta":{"footnotes":""},"categories":[1],"tags":[],"class_list":["post-12908","post","type-post","status-publish","format-standard","has-post-thumbnail","hentry","category-sin-categoria"],"rttpg_featured_image_url":{"full":["https:\/\/www.codar.cl\/index\/wp-content\/uploads\/2025\/09\/IMG_1043-scaled.jpg",1920,2560,false],"landscape":["https:\/\/www.codar.cl\/index\/wp-content\/uploads\/2025\/09\/IMG_1043-scaled.jpg",1920,2560,false],"portraits":["https:\/\/www.codar.cl\/index\/wp-content\/uploads\/2025\/09\/IMG_1043-scaled.jpg",1920,2560,false],"thumbnail":["https:\/\/www.codar.cl\/index\/wp-content\/uploads\/2025\/09\/IMG_1043-150x150.jpg",150,150,true],"medium":["https:\/\/www.codar.cl\/index\/wp-content\/uploads\/2025\/09\/IMG_1043-225x300.jpg",225,300,true],"large":["https:\/\/www.codar.cl\/index\/wp-content\/uploads\/2025\/09\/IMG_1043-scaled.jpg",1920,2560,false],"post-thumbnail":["https:\/\/www.codar.cl\/index\/wp-content\/uploads\/2025\/09\/IMG_1043-770x513.jpg",770,513,true]},"rttpg_author":{"display_name":"Marcela cadematorig","author_link":"https:\/\/www.codar.cl\/index\/author\/marcela\/"},"rttpg_comment":1,"rttpg_category":"<a href=\"https:\/\/www.codar.cl\/index\/category\/sin-categoria\/\" rel=\"category tag\">Actividades<\/a>","rttpg_excerpt":"En sala Codar tuvimos el honor de recibir a &nbsp;Silvana Dimonti, quien nos brind\u00f3 una emotiva y profunda charla sobre &#8220;El valor de los abuelos&#8221;. Silvana nos invit\u00f3 a reflexionar sobre el rol fundamental que cumplen los abuelos en nuestras familias y en la sociedad. Nos record\u00f3 que son pilares de amor, sabidur\u00eda y apoyo&hellip;","_links":{"self":[{"href":"https:\/\/www.codar.cl\/index\/wp-json\/wp\/v2\/posts\/12908","targetHints":{"allow":["GET"]}}],"collection":[{"href":"https:\/\/www.codar.cl\/index\/wp-json\/wp\/v2\/posts"}],"about":[{"href":"https:\/\/www.codar.cl\/index\/wp-json\/wp\/v2\/types\/post"}],"author":[{"embeddable":true,"href":"https:\/\/www.codar.cl\/index\/wp-json\/wp\/v2\/users\/2"}],"replies":[{"embeddable":true,"href":"https:\/\/www.codar.cl\/index\/wp-json\/wp\/v2\/comments?post=12908"}],"version-history":[{"count":2,"href":"https:\/\/www.codar.cl\/index\/wp-json\/wp\/v2\/posts\/12908\/revisions"}],"predecessor-version":[{"id":12912,"href":"https:\/\/www.codar.cl\/index\/wp-json\/wp\/v2\/posts\/12908\/revisions\/12912"}],"wp:featuredmedia":[{"embeddable":true,"href":"https:\/\/www.codar.cl\/index\/wp-json\/wp\/v2\/media\/12910"}],"wp:attachment":[{"href":"https:\/\/www.codar.cl\/index\/wp-json\/wp\/v2\/media?parent=12908"}],"wp:term":[{"taxonomy":"category","embeddable":true,"href":"https:\/\/www.codar.cl\/index\/wp-json\/wp\/v2\/categories?post=12908"},{"taxonomy":"post_tag","embeddable":true,"href":"https:\/\/www.codar.cl\/index\/wp-json\/wp\/v2\/tags?post=12908"}],"curies":[{"name":"wp","href":"https:\/\/api.w.org\/{rel}","templated":true}]}}