{"id":13033,"date":"2025-09-30T19:18:25","date_gmt":"2025-09-30T19:18:25","guid":{"rendered":"https:\/\/www.codar.cl\/index\/?p=13033"},"modified":"2025-11-05T16:13:09","modified_gmt":"2025-11-05T16:13:09","slug":"codar-asiste-a-cuenta-publica-2024-de-carabineros-de-vina-del-mar","status":"publish","type":"post","link":"https:\/\/www.codar.cl\/index\/codar-asiste-a-cuenta-publica-2024-de-carabineros-de-vina-del-mar\/","title":{"rendered":"CODAR ASISTE A CUENTA P\u00daBLICA 2024 DE CARABINEROS DE VI\u00d1A DEL MAR"},"content":{"rendered":"\n<p>Carabineros de Vi\u00f1a del Mar present\u00f3 su Cuenta P\u00fablica 2024, destacando cifras significativas en el combate contra la delincuencia y el crimen organizado. El evento se enfoc\u00f3 en transparentar la labor de la instituci\u00f3n y reafirmar su misi\u00f3n de proteger a la ciudadan\u00eda.<\/p>\n\n\n\n<p>Durante la ceremonia, se otorg\u00f3 un merecido reconocimiento al personal que ha sobresalido por su valent\u00eda y compromiso. En este marco, se destac\u00f3 la labor del <strong>Suboficial Jaime Toledo Mu\u00f1oz<\/strong>.<\/p>\n\n\n\n<p>El Suboficial Toledo fue homenajeado por su crucial participaci\u00f3n y liderazgo en las diligencias que culminaron con la <strong>desarticulaci\u00f3n de una banda criminal<\/strong> que se dedicaba al robo en servicentros, un tipo de delito que generaba gran preocupaci\u00f3n entre los comerciantes y residentes de la zona.<\/p>\n\n\n\n<p>Al concluir la Cuenta P\u00fablica, Carabineros reafirm\u00f3 su compromiso con la ciudadan\u00eda, enfatizando la necesidad de seguir fortaleciendo la seguridad en la comuna.<\/p>\n\n\n\n<p>La instituci\u00f3n destac\u00f3 que continuar\u00e1 avanzando en <strong>estrategias preventivas<\/strong>, el <strong>combate al crimen organizado<\/strong> y la <strong>cercan\u00eda con la comunidad<\/strong> para alcanzar el objetivo de tener una Vi\u00f1a del Mar <strong>m\u00e1s segura y protegida<\/strong> para todos sus habitantes. Se hizo un llamado a la colaboraci\u00f3n ciudadana como un factor clave para mantener la efectividad en los procedimientos.<\/p>\n","protected":false},"excerpt":{"rendered":"<p>Carabineros de Vi\u00f1a del Mar present\u00f3 su Cuenta P\u00fablica 2024, destacando cifras significativas en el combate contra la delincuencia y el crimen organizado. El evento se enfoc\u00f3 en transparentar la labor de la instituci\u00f3n y reafirmar su misi\u00f3n de proteger a la ciudadan\u00eda. Durante la ceremonia, se otorg\u00f3 un merecido reconocimiento al personal que ha [&hellip;]<\/p>\n","protected":false},"author":2,"featured_media":13034,"comment_status":"open","ping_status":"open","sticky":false,"template":"","format":"standard","meta":{"footnotes":""},"categories":[2],"tags":[],"class_list":["post-13033","post","type-post","status-publish","format-standard","has-post-thumbnail","hentry","category-noticias"],"rttpg_featured_image_url":{"full":["https:\/\/www.codar.cl\/index\/wp-content\/uploads\/2025\/09\/IMG_1792-scaled.jpeg",1920,2560,false],"landscape":["https:\/\/www.codar.cl\/index\/wp-content\/uploads\/2025\/09\/IMG_1792-scaled.jpeg",1920,2560,false],"portraits":["https:\/\/www.codar.cl\/index\/wp-content\/uploads\/2025\/09\/IMG_1792-scaled.jpeg",1920,2560,false],"thumbnail":["https:\/\/www.codar.cl\/index\/wp-content\/uploads\/2025\/09\/IMG_1792-150x150.jpeg",150,150,true],"medium":["https:\/\/www.codar.cl\/index\/wp-content\/uploads\/2025\/09\/IMG_1792-225x300.jpeg",225,300,true],"large":["https:\/\/www.codar.cl\/index\/wp-content\/uploads\/2025\/09\/IMG_1792-scaled.jpeg",1920,2560,false],"post-thumbnail":["https:\/\/www.codar.cl\/index\/wp-content\/uploads\/2025\/09\/IMG_1792-770x513.jpeg",770,513,true]},"rttpg_author":{"display_name":"Marcela cadematorig","author_link":"https:\/\/www.codar.cl\/index\/author\/marcela\/"},"rttpg_comment":0,"rttpg_category":"<a href=\"https:\/\/www.codar.cl\/index\/category\/noticias\/\" rel=\"category tag\">Noticias Codar<\/a>","rttpg_excerpt":"Carabineros de Vi\u00f1a del Mar present\u00f3 su Cuenta P\u00fablica 2024, destacando cifras significativas en el combate contra la delincuencia y el crimen organizado. El evento se enfoc\u00f3 en transparentar la labor de la instituci\u00f3n y reafirmar su misi\u00f3n de proteger a la ciudadan\u00eda. Durante la ceremonia, se otorg\u00f3 un merecido reconocimiento al personal que ha&hellip;","_links":{"self":[{"href":"https:\/\/www.codar.cl\/index\/wp-json\/wp\/v2\/posts\/13033","targetHints":{"allow":["GET"]}}],"collection":[{"href":"https:\/\/www.codar.cl\/index\/wp-json\/wp\/v2\/posts"}],"about":[{"href":"https:\/\/www.codar.cl\/index\/wp-json\/wp\/v2\/types\/post"}],"author":[{"embeddable":true,"href":"https:\/\/www.codar.cl\/index\/wp-json\/wp\/v2\/users\/2"}],"replies":[{"embeddable":true,"href":"https:\/\/www.codar.cl\/index\/wp-json\/wp\/v2\/comments?post=13033"}],"version-history":[{"count":1,"href":"https:\/\/www.codar.cl\/index\/wp-json\/wp\/v2\/posts\/13033\/revisions"}],"predecessor-version":[{"id":13035,"href":"https:\/\/www.codar.cl\/index\/wp-json\/wp\/v2\/posts\/13033\/revisions\/13035"}],"wp:featuredmedia":[{"embeddable":true,"href":"https:\/\/www.codar.cl\/index\/wp-json\/wp\/v2\/media\/13034"}],"wp:attachment":[{"href":"https:\/\/www.codar.cl\/index\/wp-json\/wp\/v2\/media?parent=13033"}],"wp:term":[{"taxonomy":"category","embeddable":true,"href":"https:\/\/www.codar.cl\/index\/wp-json\/wp\/v2\/categories?post=13033"},{"taxonomy":"post_tag","embeddable":true,"href":"https:\/\/www.codar.cl\/index\/wp-json\/wp\/v2\/tags?post=13033"}],"curies":[{"name":"wp","href":"https:\/\/api.w.org\/{rel}","templated":true}]}}