{"id":13192,"date":"2025-10-09T22:30:34","date_gmt":"2025-10-09T22:30:34","guid":{"rendered":"https:\/\/www.codar.cl\/index\/?p=13192"},"modified":"2025-11-05T16:12:55","modified_gmt":"2025-11-05T16:12:55","slug":"universidad-valparaiso-sede-renaca-inaugura-el-primer-punto-verde-de-residuos-electronicos-abierto-a-la-comunidad","status":"publish","type":"post","link":"https:\/\/www.codar.cl\/index\/universidad-valparaiso-sede-renaca-inaugura-el-primer-punto-verde-de-residuos-electronicos-abierto-a-la-comunidad\/","title":{"rendered":"UNIVERSIDAD VALPARA\u00cdSO SEDE RE\u00d1ACA INAUGURA EL PRIMER PUNTO VERDE DE RESIDUOS ELECTR\u00d3NICOS ABIERTO A LA COMUNIDAD"},"content":{"rendered":"\n<p>La Universidad de Valpara\u00edso (UV) Sede Re\u00f1aca ha marcado un hito en su compromiso ambiental al inaugurar su primer Punto Verde permanente para la recepci\u00f3n de Residuos de Aparatos El\u00e9ctricos y Electr\u00f3nicos.<\/p>\n\n\n\n<p>\u00a0Este punto estar\u00e1 abierto a toda la comunidad, convirtiendo a la universidad en un motor de la econom\u00eda circular.<\/p>\n\n\n\n<p>El \u00e9xito de esta iniciativa es un brillante ejemplo de trabajo colaborativo entre la academia, la ciudadan\u00eda y el gobierno local, demostrando que la acci\u00f3n ambiental es una tarea compartida:<\/p>\n\n\n\n<p>Esta alianza estrat\u00e9gica no solo facilita la gesti\u00f3n de residuos, sino que fortalece el tejido social y promueve una cultura de sustentabilidad en la comuna<\/p>\n\n\n\n<p>La inauguraci\u00f3n de este Punto Verde es una acci\u00f3n concreta que subraya el compromiso de la UV Sede Re\u00f1aca con el cuidado del planeta y la salud de sus habitantes.<\/p>\n","protected":false},"excerpt":{"rendered":"<p>La Universidad de Valpara\u00edso (UV) Sede Re\u00f1aca ha marcado un hito en su compromiso ambiental al inaugurar su primer Punto Verde permanente para la recepci\u00f3n de Residuos de Aparatos El\u00e9ctricos y Electr\u00f3nicos. \u00a0Este punto estar\u00e1 abierto a toda la comunidad, convirtiendo a la universidad en un motor de la econom\u00eda circular. El \u00e9xito de esta [&hellip;]<\/p>\n","protected":false},"author":2,"featured_media":13193,"comment_status":"open","ping_status":"open","sticky":false,"template":"","format":"standard","meta":{"footnotes":""},"categories":[2],"tags":[],"class_list":["post-13192","post","type-post","status-publish","format-standard","has-post-thumbnail","hentry","category-noticias"],"rttpg_featured_image_url":{"full":["https:\/\/www.codar.cl\/index\/wp-content\/uploads\/2025\/10\/IMG_2126-scaled.jpeg",1920,2560,false],"landscape":["https:\/\/www.codar.cl\/index\/wp-content\/uploads\/2025\/10\/IMG_2126-scaled.jpeg",1920,2560,false],"portraits":["https:\/\/www.codar.cl\/index\/wp-content\/uploads\/2025\/10\/IMG_2126-scaled.jpeg",1920,2560,false],"thumbnail":["https:\/\/www.codar.cl\/index\/wp-content\/uploads\/2025\/10\/IMG_2126-150x150.jpeg",150,150,true],"medium":["https:\/\/www.codar.cl\/index\/wp-content\/uploads\/2025\/10\/IMG_2126-225x300.jpeg",225,300,true],"large":["https:\/\/www.codar.cl\/index\/wp-content\/uploads\/2025\/10\/IMG_2126-scaled.jpeg",1920,2560,false],"post-thumbnail":["https:\/\/www.codar.cl\/index\/wp-content\/uploads\/2025\/10\/IMG_2126-770x513.jpeg",770,513,true]},"rttpg_author":{"display_name":"Marcela cadematorig","author_link":"https:\/\/www.codar.cl\/index\/author\/marcela\/"},"rttpg_comment":0,"rttpg_category":"<a href=\"https:\/\/www.codar.cl\/index\/category\/noticias\/\" rel=\"category tag\">Noticias Codar<\/a>","rttpg_excerpt":"La Universidad de Valpara\u00edso (UV) Sede Re\u00f1aca ha marcado un hito en su compromiso ambiental al inaugurar su primer Punto Verde permanente para la recepci\u00f3n de Residuos de Aparatos El\u00e9ctricos y Electr\u00f3nicos. \u00a0Este punto estar\u00e1 abierto a toda la comunidad, convirtiendo a la universidad en un motor de la econom\u00eda circular. El \u00e9xito de esta&hellip;","_links":{"self":[{"href":"https:\/\/www.codar.cl\/index\/wp-json\/wp\/v2\/posts\/13192","targetHints":{"allow":["GET"]}}],"collection":[{"href":"https:\/\/www.codar.cl\/index\/wp-json\/wp\/v2\/posts"}],"about":[{"href":"https:\/\/www.codar.cl\/index\/wp-json\/wp\/v2\/types\/post"}],"author":[{"embeddable":true,"href":"https:\/\/www.codar.cl\/index\/wp-json\/wp\/v2\/users\/2"}],"replies":[{"embeddable":true,"href":"https:\/\/www.codar.cl\/index\/wp-json\/wp\/v2\/comments?post=13192"}],"version-history":[{"count":2,"href":"https:\/\/www.codar.cl\/index\/wp-json\/wp\/v2\/posts\/13192\/revisions"}],"predecessor-version":[{"id":13195,"href":"https:\/\/www.codar.cl\/index\/wp-json\/wp\/v2\/posts\/13192\/revisions\/13195"}],"wp:featuredmedia":[{"embeddable":true,"href":"https:\/\/www.codar.cl\/index\/wp-json\/wp\/v2\/media\/13193"}],"wp:attachment":[{"href":"https:\/\/www.codar.cl\/index\/wp-json\/wp\/v2\/media?parent=13192"}],"wp:term":[{"taxonomy":"category","embeddable":true,"href":"https:\/\/www.codar.cl\/index\/wp-json\/wp\/v2\/categories?post=13192"},{"taxonomy":"post_tag","embeddable":true,"href":"https:\/\/www.codar.cl\/index\/wp-json\/wp\/v2\/tags?post=13192"}],"curies":[{"name":"wp","href":"https:\/\/api.w.org\/{rel}","templated":true}]}}