{"id":13911,"date":"2025-11-04T22:06:38","date_gmt":"2025-11-04T22:06:38","guid":{"rendered":"https:\/\/www.codar.cl\/index\/?p=13911"},"modified":"2025-11-05T16:12:34","modified_gmt":"2025-11-05T16:12:34","slug":"codar-hace-entrega-de-impresora-a-carabineros-de-tenencia-de-renaca","status":"publish","type":"post","link":"https:\/\/www.codar.cl\/index\/codar-hace-entrega-de-impresora-a-carabineros-de-tenencia-de-renaca\/","title":{"rendered":"CODAR HACE ENTREGA DE IMPRESORA A CARABINEROS DE TENENCIA DE RE\u00d1ACA"},"content":{"rendered":"\n<p>En un acto de colaboraci\u00f3n y apoyo a las instituciones que velan por la seguridad de nuestro sector, la Corporaci\u00f3n de Adelanto y Desarrollo de Re\u00f1aca entreg\u00f3 una impresora de alta funcionalidad&nbsp; a la Tenencia de Carabineros de Re\u00f1aca, lo cual permitir\u00e1&nbsp; fortalecer las&nbsp; labores que ejecuta el Delegado de Cuadrante.<\/p>\n\n\n\n<p>Con esta acci\u00f3n, la Corporaci\u00f3n de Adelanto y Desarrollo de Re\u00f1aca reafirma su compromiso de trabajar activamente junto a las autoridades para el progreso, orden y bienestar de la comunidad. La seguridad es una tarea que nos involucra a todos, y brindar el apoyo log\u00edstico necesario es parte de esa colaboraci\u00f3n.<\/p>\n","protected":false},"excerpt":{"rendered":"<p>En un acto de colaboraci\u00f3n y apoyo a las instituciones que velan por la seguridad de nuestro sector, la Corporaci\u00f3n de Adelanto y Desarrollo de Re\u00f1aca entreg\u00f3 una impresora de alta funcionalidad&nbsp; a la Tenencia de Carabineros de Re\u00f1aca, lo cual permitir\u00e1&nbsp; fortalecer las&nbsp; labores que ejecuta el Delegado de Cuadrante. Con esta acci\u00f3n, la [&hellip;]<\/p>\n","protected":false},"author":2,"featured_media":13912,"comment_status":"open","ping_status":"open","sticky":false,"template":"","format":"standard","meta":{"footnotes":""},"categories":[2],"tags":[],"class_list":["post-13911","post","type-post","status-publish","format-standard","has-post-thumbnail","hentry","category-noticias"],"rttpg_featured_image_url":{"full":["https:\/\/www.codar.cl\/index\/wp-content\/uploads\/2025\/11\/PHOTO-2025-11-04-11-23-19.jpg",1200,1600,false],"landscape":["https:\/\/www.codar.cl\/index\/wp-content\/uploads\/2025\/11\/PHOTO-2025-11-04-11-23-19.jpg",1200,1600,false],"portraits":["https:\/\/www.codar.cl\/index\/wp-content\/uploads\/2025\/11\/PHOTO-2025-11-04-11-23-19.jpg",1200,1600,false],"thumbnail":["https:\/\/www.codar.cl\/index\/wp-content\/uploads\/2025\/11\/PHOTO-2025-11-04-11-23-19-150x150.jpg",150,150,true],"medium":["https:\/\/www.codar.cl\/index\/wp-content\/uploads\/2025\/11\/PHOTO-2025-11-04-11-23-19-225x300.jpg",225,300,true],"large":["https:\/\/www.codar.cl\/index\/wp-content\/uploads\/2025\/11\/PHOTO-2025-11-04-11-23-19.jpg",1200,1600,false],"post-thumbnail":["https:\/\/www.codar.cl\/index\/wp-content\/uploads\/2025\/11\/PHOTO-2025-11-04-11-23-19-770x513.jpg",770,513,true]},"rttpg_author":{"display_name":"Marcela cadematorig","author_link":"https:\/\/www.codar.cl\/index\/author\/marcela\/"},"rttpg_comment":0,"rttpg_category":"<a href=\"https:\/\/www.codar.cl\/index\/category\/noticias\/\" rel=\"category tag\">Noticias Codar<\/a>","rttpg_excerpt":"En un acto de colaboraci\u00f3n y apoyo a las instituciones que velan por la seguridad de nuestro sector, la Corporaci\u00f3n de Adelanto y Desarrollo de Re\u00f1aca entreg\u00f3 una impresora de alta funcionalidad&nbsp; a la Tenencia de Carabineros de Re\u00f1aca, lo cual permitir\u00e1&nbsp; fortalecer las&nbsp; labores que ejecuta el Delegado de Cuadrante. Con esta acci\u00f3n, la&hellip;","_links":{"self":[{"href":"https:\/\/www.codar.cl\/index\/wp-json\/wp\/v2\/posts\/13911","targetHints":{"allow":["GET"]}}],"collection":[{"href":"https:\/\/www.codar.cl\/index\/wp-json\/wp\/v2\/posts"}],"about":[{"href":"https:\/\/www.codar.cl\/index\/wp-json\/wp\/v2\/types\/post"}],"author":[{"embeddable":true,"href":"https:\/\/www.codar.cl\/index\/wp-json\/wp\/v2\/users\/2"}],"replies":[{"embeddable":true,"href":"https:\/\/www.codar.cl\/index\/wp-json\/wp\/v2\/comments?post=13911"}],"version-history":[{"count":2,"href":"https:\/\/www.codar.cl\/index\/wp-json\/wp\/v2\/posts\/13911\/revisions"}],"predecessor-version":[{"id":13914,"href":"https:\/\/www.codar.cl\/index\/wp-json\/wp\/v2\/posts\/13911\/revisions\/13914"}],"wp:featuredmedia":[{"embeddable":true,"href":"https:\/\/www.codar.cl\/index\/wp-json\/wp\/v2\/media\/13912"}],"wp:attachment":[{"href":"https:\/\/www.codar.cl\/index\/wp-json\/wp\/v2\/media?parent=13911"}],"wp:term":[{"taxonomy":"category","embeddable":true,"href":"https:\/\/www.codar.cl\/index\/wp-json\/wp\/v2\/categories?post=13911"},{"taxonomy":"post_tag","embeddable":true,"href":"https:\/\/www.codar.cl\/index\/wp-json\/wp\/v2\/tags?post=13911"}],"curies":[{"name":"wp","href":"https:\/\/api.w.org\/{rel}","templated":true}]}}