{"id":13953,"date":"2025-11-08T00:18:47","date_gmt":"2025-11-08T00:18:47","guid":{"rendered":"https:\/\/www.codar.cl\/index\/?p=13953"},"modified":"2025-11-08T00:19:48","modified_gmt":"2025-11-08T00:19:48","slug":"en-sala-codar-se-da-inicio-a-ciclo-de-cine-italiano","status":"publish","type":"post","link":"https:\/\/www.codar.cl\/index\/en-sala-codar-se-da-inicio-a-ciclo-de-cine-italiano\/","title":{"rendered":"EN SALA CODAR SE DA INICIO A CICLO DE CINE ITALIANO"},"content":{"rendered":"\n<p>En Sala Codar se realiz\u00f3 por segundo a\u00f1o consecutivo el Ciclo de Cine Italiano, una iniciativa cultural que, en esta oportunidad, rinde un merecido tributo a una de las divas m\u00e1s ic\u00f3nicas de la cinematograf\u00eda europea: &nbsp;Claudia Cardinale.<\/p>\n\n\n\n<p>Este ciclo, organizado por la &nbsp;Asociaci\u00f3n Ligure de Chile \u2013dedicada a mantener las tradiciones y la cultura de la regi\u00f3n italiana de Liguria\u2013, promete un viaje fascinante por la historia del cine italiano.<\/p>\n\n\n\n<p>&nbsp;La primera pel\u00edcula de este &nbsp;ciclo fue la &nbsp;comedia de 1958, &#8220;I Soliti Ignoti&#8221; (conocida en espa\u00f1ol como &#8220;Ladr\u00f3n, pero honrado&#8221; o &#8220;Los Desconocidos de Siempre&#8221;).Dirigida por el maestro Mario Monicelli, es considerada una pieza fundamental de la Commedia all&#8217;italiana.<\/p>\n\n\n\n<p>Junto a un elenco de estrellas como Vittorio Gassman y Marcello Mastroianni, &#8220;I Soliti Ignoti&#8221; marc\u00f3 uno de los primeros grandes \u00e9xitos de la carrera de Claudia Cardinale, quien en ese momento se consolidaba como &#8220;la novia de Italia&#8221;.<\/p>\n\n\n\n<p>La pr\u00f3xima fecha de este ciclo ser\u00e1 el viernes 14 de noviembre con la pel\u00edcula Il Giorno della Civetta. Los &nbsp;dejamos invitados &nbsp;a seguir disfrutando del talento y el legado de Claudia Cardinale.<\/p>\n","protected":false},"excerpt":{"rendered":"<p>En Sala Codar se realiz\u00f3 por segundo a\u00f1o consecutivo el Ciclo de Cine Italiano, una iniciativa cultural que, en esta oportunidad, rinde un merecido tributo a una de las divas m\u00e1s ic\u00f3nicas de la cinematograf\u00eda europea: &nbsp;Claudia Cardinale. Este ciclo, organizado por la &nbsp;Asociaci\u00f3n Ligure de Chile \u2013dedicada a mantener las tradiciones y la cultura [&hellip;]<\/p>\n","protected":false},"author":2,"featured_media":13954,"comment_status":"open","ping_status":"open","sticky":false,"template":"","format":"standard","meta":{"footnotes":""},"categories":[1],"tags":[],"class_list":["post-13953","post","type-post","status-publish","format-standard","has-post-thumbnail","hentry","category-sin-categoria"],"rttpg_featured_image_url":{"full":["https:\/\/www.codar.cl\/index\/wp-content\/uploads\/2025\/11\/IMG_3067-scaled.jpeg",1920,2560,false],"landscape":["https:\/\/www.codar.cl\/index\/wp-content\/uploads\/2025\/11\/IMG_3067-scaled.jpeg",1920,2560,false],"portraits":["https:\/\/www.codar.cl\/index\/wp-content\/uploads\/2025\/11\/IMG_3067-scaled.jpeg",1920,2560,false],"thumbnail":["https:\/\/www.codar.cl\/index\/wp-content\/uploads\/2025\/11\/IMG_3067-150x150.jpeg",150,150,true],"medium":["https:\/\/www.codar.cl\/index\/wp-content\/uploads\/2025\/11\/IMG_3067-225x300.jpeg",225,300,true],"large":["https:\/\/www.codar.cl\/index\/wp-content\/uploads\/2025\/11\/IMG_3067-scaled.jpeg",1920,2560,false],"post-thumbnail":["https:\/\/www.codar.cl\/index\/wp-content\/uploads\/2025\/11\/IMG_3067-770x513.jpeg",770,513,true]},"rttpg_author":{"display_name":"Marcela cadematorig","author_link":"https:\/\/www.codar.cl\/index\/author\/marcela\/"},"rttpg_comment":0,"rttpg_category":"<a href=\"https:\/\/www.codar.cl\/index\/category\/sin-categoria\/\" rel=\"category tag\">Actividades<\/a>","rttpg_excerpt":"En Sala Codar se realiz\u00f3 por segundo a\u00f1o consecutivo el Ciclo de Cine Italiano, una iniciativa cultural que, en esta oportunidad, rinde un merecido tributo a una de las divas m\u00e1s ic\u00f3nicas de la cinematograf\u00eda europea: &nbsp;Claudia Cardinale. Este ciclo, organizado por la &nbsp;Asociaci\u00f3n Ligure de Chile \u2013dedicada a mantener las tradiciones y la cultura&hellip;","_links":{"self":[{"href":"https:\/\/www.codar.cl\/index\/wp-json\/wp\/v2\/posts\/13953","targetHints":{"allow":["GET"]}}],"collection":[{"href":"https:\/\/www.codar.cl\/index\/wp-json\/wp\/v2\/posts"}],"about":[{"href":"https:\/\/www.codar.cl\/index\/wp-json\/wp\/v2\/types\/post"}],"author":[{"embeddable":true,"href":"https:\/\/www.codar.cl\/index\/wp-json\/wp\/v2\/users\/2"}],"replies":[{"embeddable":true,"href":"https:\/\/www.codar.cl\/index\/wp-json\/wp\/v2\/comments?post=13953"}],"version-history":[{"count":2,"href":"https:\/\/www.codar.cl\/index\/wp-json\/wp\/v2\/posts\/13953\/revisions"}],"predecessor-version":[{"id":13956,"href":"https:\/\/www.codar.cl\/index\/wp-json\/wp\/v2\/posts\/13953\/revisions\/13956"}],"wp:featuredmedia":[{"embeddable":true,"href":"https:\/\/www.codar.cl\/index\/wp-json\/wp\/v2\/media\/13954"}],"wp:attachment":[{"href":"https:\/\/www.codar.cl\/index\/wp-json\/wp\/v2\/media?parent=13953"}],"wp:term":[{"taxonomy":"category","embeddable":true,"href":"https:\/\/www.codar.cl\/index\/wp-json\/wp\/v2\/categories?post=13953"},{"taxonomy":"post_tag","embeddable":true,"href":"https:\/\/www.codar.cl\/index\/wp-json\/wp\/v2\/tags?post=13953"}],"curies":[{"name":"wp","href":"https:\/\/api.w.org\/{rel}","templated":true}]}}