{"id":14027,"date":"2025-11-12T21:52:00","date_gmt":"2025-11-12T21:52:00","guid":{"rendered":"https:\/\/www.codar.cl\/index\/?p=14027"},"modified":"2025-11-12T21:52:35","modified_gmt":"2025-11-12T21:52:35","slug":"culmina-taller-sanando-desde-el-interior","status":"publish","type":"post","link":"https:\/\/www.codar.cl\/index\/culmina-taller-sanando-desde-el-interior\/","title":{"rendered":"CULMINA TALLER &#8220;SANANDO DESDE EL INTERIOR&#8221;"},"content":{"rendered":"\n<p>La terapeuta de sanaci\u00f3n pr\u00e1nica, Delia R\u00edos, comenta de su&nbsp;experiencia&nbsp;en el&nbsp;ciclo de talleres&nbsp;<strong>&#8220;Sanando&nbsp;desde el Interior&#8221;<\/strong>realizado en Sala Codar.<\/p>\n\n\n\n<p>Este ciclo fue especialmente dise\u00f1ado para nuestros adultos mayores, enfoc\u00e1ndose en el&nbsp;<strong>autocuidado y la autosanaci\u00f3n<\/strong>&nbsp;desde un lugar profundo e integral.<\/p>\n\n\n\n<p>El taller se centr\u00f3 en herramientas pr\u00e1cticas para nutrir el bienestar desde adentro:<\/p>\n\n\n\n<ul class=\"wp-block-list\">\n<li><strong>Cuidado Emocional:<\/strong>\u00a0Aprendimos a reconocer, gestionar y cuidar nuestras emociones como pilares de la salud.<\/li>\n\n\n\n<li><strong>Conexi\u00f3n Espiritual:<\/strong>\u00a0Exploramos el trabajo de conexi\u00f3n interna como fuente de vitalidad y equilibrio.<\/li>\n\n\n\n<li><strong>Cuerpo Sano:<\/strong>\u00a0Entendimos que la sanaci\u00f3n real es un reflejo de nuestro trabajo interior.<\/li>\n<\/ul>\n","protected":false},"excerpt":{"rendered":"<p>La terapeuta de sanaci\u00f3n pr\u00e1nica, Delia R\u00edos, comenta de su&nbsp;experiencia&nbsp;en el&nbsp;ciclo de talleres&nbsp;&#8220;Sanando&nbsp;desde el Interior&#8221;realizado en Sala Codar. Este ciclo fue especialmente dise\u00f1ado para nuestros adultos mayores, enfoc\u00e1ndose en el&nbsp;autocuidado y la autosanaci\u00f3n&nbsp;desde un lugar profundo e integral. El taller se centr\u00f3 en herramientas pr\u00e1cticas para nutrir el bienestar desde adentro:<\/p>\n","protected":false},"author":2,"featured_media":14028,"comment_status":"open","ping_status":"open","sticky":false,"template":"","format":"standard","meta":{"footnotes":""},"categories":[1],"tags":[],"class_list":["post-14027","post","type-post","status-publish","format-standard","has-post-thumbnail","hentry","category-sin-categoria"],"rttpg_featured_image_url":{"full":["https:\/\/www.codar.cl\/index\/wp-content\/uploads\/2025\/11\/IMG_3203-scaled.jpeg",1920,2560,false],"landscape":["https:\/\/www.codar.cl\/index\/wp-content\/uploads\/2025\/11\/IMG_3203-scaled.jpeg",1920,2560,false],"portraits":["https:\/\/www.codar.cl\/index\/wp-content\/uploads\/2025\/11\/IMG_3203-scaled.jpeg",1920,2560,false],"thumbnail":["https:\/\/www.codar.cl\/index\/wp-content\/uploads\/2025\/11\/IMG_3203-150x150.jpeg",150,150,true],"medium":["https:\/\/www.codar.cl\/index\/wp-content\/uploads\/2025\/11\/IMG_3203-225x300.jpeg",225,300,true],"large":["https:\/\/www.codar.cl\/index\/wp-content\/uploads\/2025\/11\/IMG_3203-scaled.jpeg",1920,2560,false],"post-thumbnail":["https:\/\/www.codar.cl\/index\/wp-content\/uploads\/2025\/11\/IMG_3203-770x513.jpeg",770,513,true]},"rttpg_author":{"display_name":"Marcela cadematorig","author_link":"https:\/\/www.codar.cl\/index\/author\/marcela\/"},"rttpg_comment":0,"rttpg_category":"<a href=\"https:\/\/www.codar.cl\/index\/category\/sin-categoria\/\" rel=\"category tag\">Actividades<\/a>","rttpg_excerpt":"La terapeuta de sanaci\u00f3n pr\u00e1nica, Delia R\u00edos, comenta de su&nbsp;experiencia&nbsp;en el&nbsp;ciclo de talleres&nbsp;&#8220;Sanando&nbsp;desde el Interior&#8221;realizado en Sala Codar. Este ciclo fue especialmente dise\u00f1ado para nuestros adultos mayores, enfoc\u00e1ndose en el&nbsp;autocuidado y la autosanaci\u00f3n&nbsp;desde un lugar profundo e integral. El taller se centr\u00f3 en herramientas pr\u00e1cticas para nutrir el bienestar desde adentro:","_links":{"self":[{"href":"https:\/\/www.codar.cl\/index\/wp-json\/wp\/v2\/posts\/14027","targetHints":{"allow":["GET"]}}],"collection":[{"href":"https:\/\/www.codar.cl\/index\/wp-json\/wp\/v2\/posts"}],"about":[{"href":"https:\/\/www.codar.cl\/index\/wp-json\/wp\/v2\/types\/post"}],"author":[{"embeddable":true,"href":"https:\/\/www.codar.cl\/index\/wp-json\/wp\/v2\/users\/2"}],"replies":[{"embeddable":true,"href":"https:\/\/www.codar.cl\/index\/wp-json\/wp\/v2\/comments?post=14027"}],"version-history":[{"count":2,"href":"https:\/\/www.codar.cl\/index\/wp-json\/wp\/v2\/posts\/14027\/revisions"}],"predecessor-version":[{"id":14030,"href":"https:\/\/www.codar.cl\/index\/wp-json\/wp\/v2\/posts\/14027\/revisions\/14030"}],"wp:featuredmedia":[{"embeddable":true,"href":"https:\/\/www.codar.cl\/index\/wp-json\/wp\/v2\/media\/14028"}],"wp:attachment":[{"href":"https:\/\/www.codar.cl\/index\/wp-json\/wp\/v2\/media?parent=14027"}],"wp:term":[{"taxonomy":"category","embeddable":true,"href":"https:\/\/www.codar.cl\/index\/wp-json\/wp\/v2\/categories?post=14027"},{"taxonomy":"post_tag","embeddable":true,"href":"https:\/\/www.codar.cl\/index\/wp-json\/wp\/v2\/tags?post=14027"}],"curies":[{"name":"wp","href":"https:\/\/api.w.org\/{rel}","templated":true}]}}