{"id":14213,"date":"2025-12-10T19:19:41","date_gmt":"2025-12-10T19:19:41","guid":{"rendered":"https:\/\/www.codar.cl\/index\/?p=14213"},"modified":"2025-12-10T19:21:33","modified_gmt":"2025-12-10T19:21:33","slug":"la-seguridad-es-tarea-de-todos","status":"publish","type":"post","link":"https:\/\/www.codar.cl\/index\/la-seguridad-es-tarea-de-todos\/","title":{"rendered":"LA SEGURIDAD ES TAREA DE TODOS"},"content":{"rendered":"\n<p>El martes 9 de diciembre se realiz\u00f3 en nuestra Corporaci\u00f3n una importante reuni\u00f3n informativa centrada en la prevenci\u00f3n y el autocuidado, con la destacada participaci\u00f3n de la Teniente Jaqueline Urz\u00faa de la Tenencia de Re\u00f1aca, y a la que asistieron representantes de las Juntas de Vecinos de Re\u00f1aca y vecinos del sector.<\/p>\n\n\n\n<p>&nbsp;Se abordaron puntos esenciales como:<\/p>\n\n\n\n<ol start=\"1\" class=\"wp-block-list\">\n<li>Recomendaciones de autocuidado y prevenci\u00f3n del delito para mejorar la seguridad.<\/li>\n\n\n\n<li>Se subray\u00f3 la necesidad y la importancia de hacer las denuncias y de mantener un v\u00ednculo directo y constante con la Tenencia para reportar situaciones sospechosas o an\u00f3malas de manera inmediata.<\/li>\n<\/ol>\n\n\n\n<p>El autocuidado y la prevenci\u00f3n del delito requieren eliminar las oportunidades y dificultando el acto del delito como cuidar la iluminaci\u00f3n del sector, cerrar bien los autos, no dejar objetos de valor en su interior, y mantener una buena comunicaci\u00f3n y coordinaci\u00f3n con los vecinos.<\/p>\n\n\n\n<p>&nbsp;Se mencion\u00f3 la relevancia del proceso de denuncia y cu\u00e1l es su importancia estrat\u00e9gica. En este sentido, se explicaron cu\u00e1les son los medios adecuados para efectuarla y dependiendo del delito o situaci\u00f3n. Se explic\u00f3 que siempre conviene hacer la denuncia presencial en la Tenencia de Re\u00f1aca; en caso contrario se puede llamar al plan cuadrante o al Carabinero encargado de la integraci\u00f3n comunitaria. Tambi\u00e9n se puede efectuar en la PDI y en la Fiscal\u00eda.<\/p>\n\n\n\n<p>Cada denuncia, incluso las que parecen menores, contribuyen a alimentar el mapa delictual. Estos datos son cruciales porque permiten a Carabineros planificar la presencia policial focalizada en los puntos de mayor riesgo, disponer estrat\u00e9gicamente de recursos e incrementar la detecci\u00f3n de delitos flagrantes.<\/p>\n\n\n\n<p>Para fortalecer la comunicaci\u00f3n directa con la tenencia de Re\u00f1aca se dejaron los siguientes n\u00fameros:<\/p>\n\n\n\n<ul class=\"wp-block-list\">\n<li>Celular Plan Cuadrante 12 Re\u00f1aca: +56 9 9540 0010<\/li>\n\n\n\n<li>Guardia de la Tenencia: 32 &#8211; 3131378<\/li>\n<\/ul>\n","protected":false},"excerpt":{"rendered":"<p>El martes 9 de diciembre se realiz\u00f3 en nuestra Corporaci\u00f3n una importante reuni\u00f3n informativa centrada en la prevenci\u00f3n y el autocuidado, con la destacada participaci\u00f3n de la Teniente Jaqueline Urz\u00faa de la Tenencia de Re\u00f1aca, y a la que asistieron representantes de las Juntas de Vecinos de Re\u00f1aca y vecinos del sector. &nbsp;Se abordaron puntos [&hellip;]<\/p>\n","protected":false},"author":2,"featured_media":14214,"comment_status":"open","ping_status":"open","sticky":false,"template":"","format":"standard","meta":{"footnotes":""},"categories":[2],"tags":[],"class_list":["post-14213","post","type-post","status-publish","format-standard","has-post-thumbnail","hentry","category-noticias"],"rttpg_featured_image_url":{"full":["https:\/\/www.codar.cl\/index\/wp-content\/uploads\/2025\/12\/IMG_4039-scaled.jpeg",1920,2560,false],"landscape":["https:\/\/www.codar.cl\/index\/wp-content\/uploads\/2025\/12\/IMG_4039-scaled.jpeg",1920,2560,false],"portraits":["https:\/\/www.codar.cl\/index\/wp-content\/uploads\/2025\/12\/IMG_4039-scaled.jpeg",1920,2560,false],"thumbnail":["https:\/\/www.codar.cl\/index\/wp-content\/uploads\/2025\/12\/IMG_4039-150x150.jpeg",150,150,true],"medium":["https:\/\/www.codar.cl\/index\/wp-content\/uploads\/2025\/12\/IMG_4039-225x300.jpeg",225,300,true],"large":["https:\/\/www.codar.cl\/index\/wp-content\/uploads\/2025\/12\/IMG_4039-scaled.jpeg",1920,2560,false],"post-thumbnail":["https:\/\/www.codar.cl\/index\/wp-content\/uploads\/2025\/12\/IMG_4039-770x513.jpeg",770,513,true]},"rttpg_author":{"display_name":"Marcela cadematorig","author_link":"https:\/\/www.codar.cl\/index\/author\/marcela\/"},"rttpg_comment":0,"rttpg_category":"<a href=\"https:\/\/www.codar.cl\/index\/category\/noticias\/\" rel=\"category tag\">Noticias Codar<\/a>","rttpg_excerpt":"El martes 9 de diciembre se realiz\u00f3 en nuestra Corporaci\u00f3n una importante reuni\u00f3n informativa centrada en la prevenci\u00f3n y el autocuidado, con la destacada participaci\u00f3n de la Teniente Jaqueline Urz\u00faa de la Tenencia de Re\u00f1aca, y a la que asistieron representantes de las Juntas de Vecinos de Re\u00f1aca y vecinos del sector. &nbsp;Se abordaron puntos&hellip;","_links":{"self":[{"href":"https:\/\/www.codar.cl\/index\/wp-json\/wp\/v2\/posts\/14213","targetHints":{"allow":["GET"]}}],"collection":[{"href":"https:\/\/www.codar.cl\/index\/wp-json\/wp\/v2\/posts"}],"about":[{"href":"https:\/\/www.codar.cl\/index\/wp-json\/wp\/v2\/types\/post"}],"author":[{"embeddable":true,"href":"https:\/\/www.codar.cl\/index\/wp-json\/wp\/v2\/users\/2"}],"replies":[{"embeddable":true,"href":"https:\/\/www.codar.cl\/index\/wp-json\/wp\/v2\/comments?post=14213"}],"version-history":[{"count":2,"href":"https:\/\/www.codar.cl\/index\/wp-json\/wp\/v2\/posts\/14213\/revisions"}],"predecessor-version":[{"id":14216,"href":"https:\/\/www.codar.cl\/index\/wp-json\/wp\/v2\/posts\/14213\/revisions\/14216"}],"wp:featuredmedia":[{"embeddable":true,"href":"https:\/\/www.codar.cl\/index\/wp-json\/wp\/v2\/media\/14214"}],"wp:attachment":[{"href":"https:\/\/www.codar.cl\/index\/wp-json\/wp\/v2\/media?parent=14213"}],"wp:term":[{"taxonomy":"category","embeddable":true,"href":"https:\/\/www.codar.cl\/index\/wp-json\/wp\/v2\/categories?post=14213"},{"taxonomy":"post_tag","embeddable":true,"href":"https:\/\/www.codar.cl\/index\/wp-json\/wp\/v2\/tags?post=14213"}],"curies":[{"name":"wp","href":"https:\/\/api.w.org\/{rel}","templated":true}]}}