{"id":14286,"date":"2026-01-30T01:10:13","date_gmt":"2026-01-30T01:10:13","guid":{"rendered":"https:\/\/www.codar.cl\/index\/?p=14286"},"modified":"2026-01-30T01:10:52","modified_gmt":"2026-01-30T01:10:52","slug":"conferencia-chile-republica-digital-por-la-razon-y-la-fuerza-de-los-datos","status":"publish","type":"post","link":"https:\/\/www.codar.cl\/index\/conferencia-chile-republica-digital-por-la-razon-y-la-fuerza-de-los-datos\/","title":{"rendered":"CONFERENCIA &#8220;CHILE REP\u00daBLICA DIGITAL.POR LA RAZ\u00d3N Y LA FUERZA DE LOS DATOS&#8221;"},"content":{"rendered":"\n<p>El senador Kenneth Pugh eligi\u00f3 las dependencias de la Corporaci\u00f3n de Adelanto y Desarrollo de Re\u00f1aca (CODAR) para realizar su \u00faltima exposici\u00f3n oficial en el cargo. Bajo el t\u00edtulo\u00a0<strong>&#8220;Chile, Rep\u00fablica Digital: Por la raz\u00f3n y la fuerza de los datos&#8221;<\/strong>, la charla abord\u00f3 los desaf\u00edos y oportunidades que enfrenta el pa\u00eds en la era de la informaci\u00f3n.<\/p>\n\n\n\n<p>Durante su intervenci\u00f3n, Pugh enfatiz\u00f3 que el auge de los datos no es meramente un fen\u00f3meno tecnol\u00f3gico, sino una transformaci\u00f3n profunda en la&nbsp;<strong>distribuci\u00f3n del poder<\/strong>. Seg\u00fan explic\u00f3, la capacidad de Chile para utilizar estos datos determinar\u00e1 la eficiencia del Estado para resolver los problemas de la ciudadan\u00eda y la fluidez en la comunicaci\u00f3n entre empresas y personas.<\/p>\n\n\n\n<p><em>&#8220;Nuestra vida hoy transcurre en un mundo de datos, pero sin reglas y l\u00edmites claros, este entorno puede convertirse en un caos&#8221;<\/em>, advirti\u00f3 el parlamentario, haciendo un llamado urgente a fortalecer pilares fundamentales como:<\/p>\n\n\n\n<ul class=\"wp-block-list\">\n<li>La protecci\u00f3n de datos personales.<\/li>\n\n\n\n<li>La creaci\u00f3n de una identidad digital autogestionada.<\/li>\n\n\n\n<li>El impulso de pol\u00edticas de ciberseguridad desde el Estado.<\/li>\n\n\n\n<li>La transparencia en los sistemas de decisi\u00f3n automatizada.<\/li>\n<\/ul>\n\n\n\n<p><\/p>\n","protected":false},"excerpt":{"rendered":"<p>El senador Kenneth Pugh eligi\u00f3 las dependencias de la Corporaci\u00f3n de Adelanto y Desarrollo de Re\u00f1aca (CODAR) para realizar su \u00faltima exposici\u00f3n oficial en el cargo. Bajo el t\u00edtulo\u00a0&#8220;Chile, Rep\u00fablica Digital: Por la raz\u00f3n y la fuerza de los datos&#8221;, la charla abord\u00f3 los desaf\u00edos y oportunidades que enfrenta el pa\u00eds en la era de [&hellip;]<\/p>\n","protected":false},"author":2,"featured_media":14287,"comment_status":"open","ping_status":"open","sticky":false,"template":"","format":"standard","meta":{"footnotes":""},"categories":[1],"tags":[],"class_list":["post-14286","post","type-post","status-publish","format-standard","has-post-thumbnail","hentry","category-sin-categoria"],"rttpg_featured_image_url":{"full":["https:\/\/www.codar.cl\/index\/wp-content\/uploads\/2026\/01\/IMG_5532-scaled.jpeg",1920,2560,false],"landscape":["https:\/\/www.codar.cl\/index\/wp-content\/uploads\/2026\/01\/IMG_5532-scaled.jpeg",1920,2560,false],"portraits":["https:\/\/www.codar.cl\/index\/wp-content\/uploads\/2026\/01\/IMG_5532-scaled.jpeg",1920,2560,false],"thumbnail":["https:\/\/www.codar.cl\/index\/wp-content\/uploads\/2026\/01\/IMG_5532-150x150.jpeg",150,150,true],"medium":["https:\/\/www.codar.cl\/index\/wp-content\/uploads\/2026\/01\/IMG_5532-225x300.jpeg",225,300,true],"large":["https:\/\/www.codar.cl\/index\/wp-content\/uploads\/2026\/01\/IMG_5532-scaled.jpeg",1920,2560,false],"post-thumbnail":["https:\/\/www.codar.cl\/index\/wp-content\/uploads\/2026\/01\/IMG_5532-770x513.jpeg",770,513,true]},"rttpg_author":{"display_name":"Marcela cadematorig","author_link":"https:\/\/www.codar.cl\/index\/author\/marcela\/"},"rttpg_comment":0,"rttpg_category":"<a href=\"https:\/\/www.codar.cl\/index\/category\/sin-categoria\/\" rel=\"category tag\">Actividades<\/a>","rttpg_excerpt":"El senador Kenneth Pugh eligi\u00f3 las dependencias de la Corporaci\u00f3n de Adelanto y Desarrollo de Re\u00f1aca (CODAR) para realizar su \u00faltima exposici\u00f3n oficial en el cargo. Bajo el t\u00edtulo\u00a0&#8220;Chile, Rep\u00fablica Digital: Por la raz\u00f3n y la fuerza de los datos&#8221;, la charla abord\u00f3 los desaf\u00edos y oportunidades que enfrenta el pa\u00eds en la era de&hellip;","_links":{"self":[{"href":"https:\/\/www.codar.cl\/index\/wp-json\/wp\/v2\/posts\/14286","targetHints":{"allow":["GET"]}}],"collection":[{"href":"https:\/\/www.codar.cl\/index\/wp-json\/wp\/v2\/posts"}],"about":[{"href":"https:\/\/www.codar.cl\/index\/wp-json\/wp\/v2\/types\/post"}],"author":[{"embeddable":true,"href":"https:\/\/www.codar.cl\/index\/wp-json\/wp\/v2\/users\/2"}],"replies":[{"embeddable":true,"href":"https:\/\/www.codar.cl\/index\/wp-json\/wp\/v2\/comments?post=14286"}],"version-history":[{"count":2,"href":"https:\/\/www.codar.cl\/index\/wp-json\/wp\/v2\/posts\/14286\/revisions"}],"predecessor-version":[{"id":14289,"href":"https:\/\/www.codar.cl\/index\/wp-json\/wp\/v2\/posts\/14286\/revisions\/14289"}],"wp:featuredmedia":[{"embeddable":true,"href":"https:\/\/www.codar.cl\/index\/wp-json\/wp\/v2\/media\/14287"}],"wp:attachment":[{"href":"https:\/\/www.codar.cl\/index\/wp-json\/wp\/v2\/media?parent=14286"}],"wp:term":[{"taxonomy":"category","embeddable":true,"href":"https:\/\/www.codar.cl\/index\/wp-json\/wp\/v2\/categories?post=14286"},{"taxonomy":"post_tag","embeddable":true,"href":"https:\/\/www.codar.cl\/index\/wp-json\/wp\/v2\/tags?post=14286"}],"curies":[{"name":"wp","href":"https:\/\/api.w.org\/{rel}","templated":true}]}}