{"id":14327,"date":"2026-02-27T16:27:10","date_gmt":"2026-02-27T16:27:10","guid":{"rendered":"https:\/\/www.codar.cl\/index\/?p=14327"},"modified":"2026-02-27T16:29:15","modified_gmt":"2026-02-27T16:29:15","slug":"codar-y-carabineros-se-reunen-para-coordinar-el-futuro-de-la-seguridad-en-renaca","status":"publish","type":"post","link":"https:\/\/www.codar.cl\/index\/codar-y-carabineros-se-reunen-para-coordinar-el-futuro-de-la-seguridad-en-renaca\/","title":{"rendered":"CODAR Y CARABINEROS SE RE\u00daNEN PARA COORDINAR EL FUTURO DE LA SEGURIDAD EN RE\u00d1ACA"},"content":{"rendered":"\n<p>En el marco de nuestro compromiso permanente con el bienestar de la comunidad, el directorio de la Corporaci\u00f3n de Adelanto y Desarrollo de Re\u00f1aca (CODAR) sostuvieron una reuni\u00f3n informativa de seguridad con el Subcomisario de la Subcomisar\u00eda (T) de Carabineros de Re\u00f1aca, &nbsp;Capit\u00e1n Franco Valenzuela Jorquera.<\/p>\n\n\n\n<p>El eje central de este encuentro fue analizar la situaci\u00f3n actual de la Tenencia de Re\u00f1aca y planificar los pasos a seguir ante la pr\u00f3xima construcci\u00f3n del nuevo cuartel policial, un proyecto largamente esperado que busca modernizar la infraestructura de seguridad en nuestro sector.<\/p>\n\n\n\n<p>Tras la aprobaci\u00f3n del dise\u00f1o del proyecto en 2025, las autoridades policiales confirmaron que se estima un plazo aproximado de dos a\u00f1os para finalizar la construcci\u00f3n del nuevo cuartel definitivo.<br><br><\/p>\n\n\n\n<p>Uno de los puntos m\u00e1s cr\u00edticos abordados en la reuni\u00f3n es la necesidad de contar con dependencias provisorias mientras se ejecutan las obras del nuevo edificio.<\/p>\n\n\n\n<p>Se subray\u00f3 que, a pesar del traslado a instalaciones temporales, mientras duren los trabajos, la poblaci\u00f3n de Re\u00f1aca seguir\u00e1 contando con el apoyo constante de Carabineros en labores de prevenci\u00f3n y control.<\/p>\n\n\n\n<p>Desde CODAR hemos manifestado con firmeza nuestro compromiso de agotar todos los esfuerzos para encontrar una soluci\u00f3n que permita que Carabineros permanezca dentro de Re\u00f1aca durante este periodo de transici\u00f3n.<\/p>\n\n\n\n<p>\u00bfPor qu\u00e9 es esencial que se queden en el sector?<\/p>\n\n\n\n<ul class=\"wp-block-list\">\n<li>Crecimiento Demogr\u00e1fico: El aumento sostenido de la poblaci\u00f3n en los \u00faltimos a\u00f1os exige una presencia policial inmediata y cercana.<\/li>\n\n\n\n<li>Tiempos de Respuesta: Mantener la operatividad local es clave para prevenir delitos y reaccionar con rapidez ante emergencias.<\/li>\n\n\n\n<li>Tranquilidad de los Vecinos: La presencia de la Tenencia es un pilar fundamental para la percepci\u00f3n de seguridad y la calidad de vida en nuestro sector.<\/li>\n<\/ul>\n\n\n\n<p>Seguiremos trabajando estrechamente con las autoridades para asegurar que este proceso de modernizaci\u00f3n no afecte la protecci\u00f3n de nuestros vecinos.<\/p>\n","protected":false},"excerpt":{"rendered":"<p>En el marco de nuestro compromiso permanente con el bienestar de la comunidad, el directorio de la Corporaci\u00f3n de Adelanto y Desarrollo de Re\u00f1aca (CODAR) sostuvieron una reuni\u00f3n informativa de seguridad con el Subcomisario de la Subcomisar\u00eda (T) de Carabineros de Re\u00f1aca, &nbsp;Capit\u00e1n Franco Valenzuela Jorquera. El eje central de este encuentro fue analizar la [&hellip;]<\/p>\n","protected":false},"author":2,"featured_media":14328,"comment_status":"open","ping_status":"open","sticky":false,"template":"","format":"standard","meta":{"footnotes":""},"categories":[2],"tags":[],"class_list":["post-14327","post","type-post","status-publish","format-standard","has-post-thumbnail","hentry","category-noticias"],"rttpg_featured_image_url":{"full":["https:\/\/www.codar.cl\/index\/wp-content\/uploads\/2026\/02\/IMG_6218-scaled.jpeg",2560,1920,false],"landscape":["https:\/\/www.codar.cl\/index\/wp-content\/uploads\/2026\/02\/IMG_6218-scaled.jpeg",2560,1920,false],"portraits":["https:\/\/www.codar.cl\/index\/wp-content\/uploads\/2026\/02\/IMG_6218-scaled.jpeg",2560,1920,false],"thumbnail":["https:\/\/www.codar.cl\/index\/wp-content\/uploads\/2026\/02\/IMG_6218-150x150.jpeg",150,150,true],"medium":["https:\/\/www.codar.cl\/index\/wp-content\/uploads\/2026\/02\/IMG_6218-300x225.jpeg",300,225,true],"large":["https:\/\/www.codar.cl\/index\/wp-content\/uploads\/2026\/02\/IMG_6218-scaled.jpeg",2560,1920,false],"post-thumbnail":["https:\/\/www.codar.cl\/index\/wp-content\/uploads\/2026\/02\/IMG_6218-770x513.jpeg",770,513,true]},"rttpg_author":{"display_name":"Marcela cadematorig","author_link":"https:\/\/www.codar.cl\/index\/author\/marcela\/"},"rttpg_comment":0,"rttpg_category":"<a href=\"https:\/\/www.codar.cl\/index\/category\/noticias\/\" rel=\"category tag\">Noticias Codar<\/a>","rttpg_excerpt":"En el marco de nuestro compromiso permanente con el bienestar de la comunidad, el directorio de la Corporaci\u00f3n de Adelanto y Desarrollo de Re\u00f1aca (CODAR) sostuvieron una reuni\u00f3n informativa de seguridad con el Subcomisario de la Subcomisar\u00eda (T) de Carabineros de Re\u00f1aca, &nbsp;Capit\u00e1n Franco Valenzuela Jorquera. El eje central de este encuentro fue analizar la&hellip;","_links":{"self":[{"href":"https:\/\/www.codar.cl\/index\/wp-json\/wp\/v2\/posts\/14327","targetHints":{"allow":["GET"]}}],"collection":[{"href":"https:\/\/www.codar.cl\/index\/wp-json\/wp\/v2\/posts"}],"about":[{"href":"https:\/\/www.codar.cl\/index\/wp-json\/wp\/v2\/types\/post"}],"author":[{"embeddable":true,"href":"https:\/\/www.codar.cl\/index\/wp-json\/wp\/v2\/users\/2"}],"replies":[{"embeddable":true,"href":"https:\/\/www.codar.cl\/index\/wp-json\/wp\/v2\/comments?post=14327"}],"version-history":[{"count":3,"href":"https:\/\/www.codar.cl\/index\/wp-json\/wp\/v2\/posts\/14327\/revisions"}],"predecessor-version":[{"id":14331,"href":"https:\/\/www.codar.cl\/index\/wp-json\/wp\/v2\/posts\/14327\/revisions\/14331"}],"wp:featuredmedia":[{"embeddable":true,"href":"https:\/\/www.codar.cl\/index\/wp-json\/wp\/v2\/media\/14328"}],"wp:attachment":[{"href":"https:\/\/www.codar.cl\/index\/wp-json\/wp\/v2\/media?parent=14327"}],"wp:term":[{"taxonomy":"category","embeddable":true,"href":"https:\/\/www.codar.cl\/index\/wp-json\/wp\/v2\/categories?post=14327"},{"taxonomy":"post_tag","embeddable":true,"href":"https:\/\/www.codar.cl\/index\/wp-json\/wp\/v2\/tags?post=14327"}],"curies":[{"name":"wp","href":"https:\/\/api.w.org\/{rel}","templated":true}]}}