{"id":14344,"date":"2026-03-17T23:46:04","date_gmt":"2026-03-17T23:46:04","guid":{"rendered":"https:\/\/www.codar.cl\/index\/?p=14344"},"modified":"2026-03-17T23:46:41","modified_gmt":"2026-03-17T23:46:41","slug":"taller-de-inteligencia-artificial-en-codar","status":"publish","type":"post","link":"https:\/\/www.codar.cl\/index\/taller-de-inteligencia-artificial-en-codar\/","title":{"rendered":"TALLER DE INTELIGENCIA ARTIFICIAL EN CODAR"},"content":{"rendered":"\n<p>En nuestra constante misi\u00f3n por impulsar el desarrollo de Re\u00f1aca y brindar herramientas \u00fatiles a nuestra comunidad, recientemente llevamos a cabo el curso <strong>\u201cIntroducci\u00f3n a la Inteligencia Artificial para Personas Mayores\u201d<\/strong>, el cual estuvo dirigido a socios de nuestra Corporaci\u00f3n.<\/p>\n\n\n\n<p>Esta instancia, liderada por <strong>Ignacio Cantari\u00f1o<\/strong>, creador de <strong>Computin<\/strong>, busc\u00f3 acercar las nuevas tecnolog\u00edas de una forma amigable, cercana y pr\u00e1ctica.<\/p>\n\n\n\n<h3 class=\"wp-block-heading\"><\/h3>\n\n\n\n<p>M\u00e1s que una clase t\u00e9cnica, el encuentro se desarroll\u00f3 como una charla ligera y din\u00e1mica. Los asistentes pudieron descubrir qu\u00e9 es realmente la Inteligencia Artificial y, lo m\u00e1s importante, <strong>c\u00f3mo aplicarla en su d\u00eda a d\u00eda<\/strong> para facilitar tareas, fomentar la creatividad o simplemente mantenerse conectados con la vanguardia tecnol\u00f3gica.<\/p>\n\n\n\n<blockquote class=\"wp-block-quote is-layout-flow wp-block-quote-is-layout-flow\">\n<p>&#8220;Creamos una base muy estable y todos se fueron muy contentos. Estoy muy agradecido por el apoyo de CODAR en esta iniciativa&#8221;, destac\u00f3 Ignacio al finalizar la jornada.<\/p>\n<\/blockquote>\n\n\n\n<h3 class=\"wp-block-heading\"><\/h3>\n\n\n\n<p>Para la <strong>Corporaci\u00f3n de Adelanto y Desarrollo de Re\u00f1aca<\/strong>, es fundamental acortar la brecha digital. Ver la entusiasta participaci\u00f3n de nuestros adultos mayores nos motiva a seguir generando espacios donde el aprendizaje no tenga l\u00edmites de edad.<\/p>\n","protected":false},"excerpt":{"rendered":"<p>En nuestra constante misi\u00f3n por impulsar el desarrollo de Re\u00f1aca y brindar herramientas \u00fatiles a nuestra comunidad, recientemente llevamos a cabo el curso \u201cIntroducci\u00f3n a la Inteligencia Artificial para Personas Mayores\u201d, el cual estuvo dirigido a socios de nuestra Corporaci\u00f3n. Esta instancia, liderada por Ignacio Cantari\u00f1o, creador de Computin, busc\u00f3 acercar las nuevas tecnolog\u00edas de [&hellip;]<\/p>\n","protected":false},"author":2,"featured_media":14345,"comment_status":"open","ping_status":"open","sticky":false,"template":"","format":"standard","meta":{"footnotes":""},"categories":[1],"tags":[],"class_list":["post-14344","post","type-post","status-publish","format-standard","has-post-thumbnail","hentry","category-sin-categoria"],"rttpg_featured_image_url":{"full":["https:\/\/www.codar.cl\/index\/wp-content\/uploads\/2026\/03\/IMG_6762-1-scaled.jpeg",1920,2560,false],"landscape":["https:\/\/www.codar.cl\/index\/wp-content\/uploads\/2026\/03\/IMG_6762-1-scaled.jpeg",1920,2560,false],"portraits":["https:\/\/www.codar.cl\/index\/wp-content\/uploads\/2026\/03\/IMG_6762-1-scaled.jpeg",1920,2560,false],"thumbnail":["https:\/\/www.codar.cl\/index\/wp-content\/uploads\/2026\/03\/IMG_6762-1-150x150.jpeg",150,150,true],"medium":["https:\/\/www.codar.cl\/index\/wp-content\/uploads\/2026\/03\/IMG_6762-1-225x300.jpeg",225,300,true],"large":["https:\/\/www.codar.cl\/index\/wp-content\/uploads\/2026\/03\/IMG_6762-1-scaled.jpeg",1920,2560,false],"post-thumbnail":["https:\/\/www.codar.cl\/index\/wp-content\/uploads\/2026\/03\/IMG_6762-1-770x513.jpeg",770,513,true]},"rttpg_author":{"display_name":"Marcela cadematorig","author_link":"https:\/\/www.codar.cl\/index\/author\/marcela\/"},"rttpg_comment":0,"rttpg_category":"<a href=\"https:\/\/www.codar.cl\/index\/category\/sin-categoria\/\" rel=\"category tag\">Actividades<\/a>","rttpg_excerpt":"En nuestra constante misi\u00f3n por impulsar el desarrollo de Re\u00f1aca y brindar herramientas \u00fatiles a nuestra comunidad, recientemente llevamos a cabo el curso \u201cIntroducci\u00f3n a la Inteligencia Artificial para Personas Mayores\u201d, el cual estuvo dirigido a socios de nuestra Corporaci\u00f3n. Esta instancia, liderada por Ignacio Cantari\u00f1o, creador de Computin, busc\u00f3 acercar las nuevas tecnolog\u00edas de&hellip;","_links":{"self":[{"href":"https:\/\/www.codar.cl\/index\/wp-json\/wp\/v2\/posts\/14344","targetHints":{"allow":["GET"]}}],"collection":[{"href":"https:\/\/www.codar.cl\/index\/wp-json\/wp\/v2\/posts"}],"about":[{"href":"https:\/\/www.codar.cl\/index\/wp-json\/wp\/v2\/types\/post"}],"author":[{"embeddable":true,"href":"https:\/\/www.codar.cl\/index\/wp-json\/wp\/v2\/users\/2"}],"replies":[{"embeddable":true,"href":"https:\/\/www.codar.cl\/index\/wp-json\/wp\/v2\/comments?post=14344"}],"version-history":[{"count":2,"href":"https:\/\/www.codar.cl\/index\/wp-json\/wp\/v2\/posts\/14344\/revisions"}],"predecessor-version":[{"id":14347,"href":"https:\/\/www.codar.cl\/index\/wp-json\/wp\/v2\/posts\/14344\/revisions\/14347"}],"wp:featuredmedia":[{"embeddable":true,"href":"https:\/\/www.codar.cl\/index\/wp-json\/wp\/v2\/media\/14345"}],"wp:attachment":[{"href":"https:\/\/www.codar.cl\/index\/wp-json\/wp\/v2\/media?parent=14344"}],"wp:term":[{"taxonomy":"category","embeddable":true,"href":"https:\/\/www.codar.cl\/index\/wp-json\/wp\/v2\/categories?post=14344"},{"taxonomy":"post_tag","embeddable":true,"href":"https:\/\/www.codar.cl\/index\/wp-json\/wp\/v2\/tags?post=14344"}],"curies":[{"name":"wp","href":"https:\/\/api.w.org\/{rel}","templated":true}]}}