{"id":14356,"date":"2026-03-26T00:26:43","date_gmt":"2026-03-26T00:26:43","guid":{"rendered":"https:\/\/www.codar.cl\/index\/?p=14356"},"modified":"2026-03-26T00:27:15","modified_gmt":"2026-03-26T00:27:15","slug":"charla-importancia-de-la-salud-bucal-en-el-adulto-mayor","status":"publish","type":"post","link":"https:\/\/www.codar.cl\/index\/charla-importancia-de-la-salud-bucal-en-el-adulto-mayor\/","title":{"rendered":"CHARLA &#8220;IMPORTANCIA DE LA SALUD BUCAL EN EL ADULTO MAYOR&#8221;"},"content":{"rendered":"\n<p><strong>Cuidar nuestra sonrisa es cuidar nuestra salud.<\/strong>&nbsp;Agradecemos a la&nbsp;<strong>Dra. Karina Cordero Torres<\/strong>&nbsp;por su valiosa exposici\u00f3n sobre la salud bucal en el adulto mayor. Como especialista en patolog\u00eda oral y maxilofacial, la Dra. Cordero nos entreg\u00f3 herramientas fundamentales para identificar riesgos y mejorar nuestros h\u00e1bitos de higiene diaria.<\/p>\n\n\n\n<p>En&nbsp;<strong>CODAR<\/strong>, promovemos espacios de encuentro y conocimiento que fortalezcan el bienestar de nuestra comunidad.<\/p>\n","protected":false},"excerpt":{"rendered":"<p>Cuidar nuestra sonrisa es cuidar nuestra salud.&nbsp;Agradecemos a la&nbsp;Dra. Karina Cordero Torres&nbsp;por su valiosa exposici\u00f3n sobre la salud bucal en el adulto mayor. Como especialista en patolog\u00eda oral y maxilofacial, la Dra. Cordero nos entreg\u00f3 herramientas fundamentales para identificar riesgos y mejorar nuestros h\u00e1bitos de higiene diaria. En&nbsp;CODAR, promovemos espacios de encuentro y conocimiento que [&hellip;]<\/p>\n","protected":false},"author":2,"featured_media":14357,"comment_status":"open","ping_status":"open","sticky":false,"template":"","format":"standard","meta":{"footnotes":""},"categories":[1],"tags":[],"class_list":["post-14356","post","type-post","status-publish","format-standard","has-post-thumbnail","hentry","category-sin-categoria"],"rttpg_featured_image_url":{"full":["https:\/\/www.codar.cl\/index\/wp-content\/uploads\/2026\/03\/IMG_7098-scaled.jpeg",1920,2560,false],"landscape":["https:\/\/www.codar.cl\/index\/wp-content\/uploads\/2026\/03\/IMG_7098-scaled.jpeg",1920,2560,false],"portraits":["https:\/\/www.codar.cl\/index\/wp-content\/uploads\/2026\/03\/IMG_7098-scaled.jpeg",1920,2560,false],"thumbnail":["https:\/\/www.codar.cl\/index\/wp-content\/uploads\/2026\/03\/IMG_7098-150x150.jpeg",150,150,true],"medium":["https:\/\/www.codar.cl\/index\/wp-content\/uploads\/2026\/03\/IMG_7098-225x300.jpeg",225,300,true],"large":["https:\/\/www.codar.cl\/index\/wp-content\/uploads\/2026\/03\/IMG_7098-scaled.jpeg",1920,2560,false],"post-thumbnail":["https:\/\/www.codar.cl\/index\/wp-content\/uploads\/2026\/03\/IMG_7098-770x513.jpeg",770,513,true]},"rttpg_author":{"display_name":"Marcela cadematorig","author_link":"https:\/\/www.codar.cl\/index\/author\/marcela\/"},"rttpg_comment":0,"rttpg_category":"<a href=\"https:\/\/www.codar.cl\/index\/category\/sin-categoria\/\" rel=\"category tag\">Actividades<\/a>","rttpg_excerpt":"Cuidar nuestra sonrisa es cuidar nuestra salud.&nbsp;Agradecemos a la&nbsp;Dra. Karina Cordero Torres&nbsp;por su valiosa exposici\u00f3n sobre la salud bucal en el adulto mayor. Como especialista en patolog\u00eda oral y maxilofacial, la Dra. Cordero nos entreg\u00f3 herramientas fundamentales para identificar riesgos y mejorar nuestros h\u00e1bitos de higiene diaria. En&nbsp;CODAR, promovemos espacios de encuentro y conocimiento que&hellip;","_links":{"self":[{"href":"https:\/\/www.codar.cl\/index\/wp-json\/wp\/v2\/posts\/14356","targetHints":{"allow":["GET"]}}],"collection":[{"href":"https:\/\/www.codar.cl\/index\/wp-json\/wp\/v2\/posts"}],"about":[{"href":"https:\/\/www.codar.cl\/index\/wp-json\/wp\/v2\/types\/post"}],"author":[{"embeddable":true,"href":"https:\/\/www.codar.cl\/index\/wp-json\/wp\/v2\/users\/2"}],"replies":[{"embeddable":true,"href":"https:\/\/www.codar.cl\/index\/wp-json\/wp\/v2\/comments?post=14356"}],"version-history":[{"count":2,"href":"https:\/\/www.codar.cl\/index\/wp-json\/wp\/v2\/posts\/14356\/revisions"}],"predecessor-version":[{"id":14359,"href":"https:\/\/www.codar.cl\/index\/wp-json\/wp\/v2\/posts\/14356\/revisions\/14359"}],"wp:featuredmedia":[{"embeddable":true,"href":"https:\/\/www.codar.cl\/index\/wp-json\/wp\/v2\/media\/14357"}],"wp:attachment":[{"href":"https:\/\/www.codar.cl\/index\/wp-json\/wp\/v2\/media?parent=14356"}],"wp:term":[{"taxonomy":"category","embeddable":true,"href":"https:\/\/www.codar.cl\/index\/wp-json\/wp\/v2\/categories?post=14356"},{"taxonomy":"post_tag","embeddable":true,"href":"https:\/\/www.codar.cl\/index\/wp-json\/wp\/v2\/tags?post=14356"}],"curies":[{"name":"wp","href":"https:\/\/api.w.org\/{rel}","templated":true}]}}