{"id":14398,"date":"2026-04-30T18:02:34","date_gmt":"2026-04-30T18:02:34","guid":{"rendered":"https:\/\/www.codar.cl\/index\/?p=14398"},"modified":"2026-04-30T18:03:11","modified_gmt":"2026-04-30T18:03:11","slug":"renaca-rinde-homenaje-a-carabineros-de-chile-una-mirada-a-su-historia-y-tradicion-rumbo-al-centenario","status":"publish","type":"post","link":"https:\/\/www.codar.cl\/index\/renaca-rinde-homenaje-a-carabineros-de-chile-una-mirada-a-su-historia-y-tradicion-rumbo-al-centenario\/","title":{"rendered":"RE\u00d1ACA RINDE HOMENAJE A CARABINEROS DE CHILE: UNA MIRADA A SU HISTORIA Y TRADICI\u00d3N RUMBO AL CENTENARIO"},"content":{"rendered":"\n<p>En un emotivo encuentro realizado en la Sala CODAR, se llev\u00f3 a cabo la inauguraci\u00f3n de la exposici\u00f3n de la Fundaci\u00f3n Skansen, una muestra pict\u00f3rica que busca poner en valor la labor fundamental que realiza Carabineros de Chile en nuestra sociedad.<\/p>\n\n\n\n<p>La actividad, enmarcada en el mes de aniversario de la instituci\u00f3n uniformada, tuvo como relatora principal a la Mayor Jimena O\u00f1ate Silva, Jefe de Operaciones de la 1\u00aa Comisar\u00eda de Vi\u00f1a del Mar.<\/p>\n\n\n\n<p>Durante su intervenci\u00f3n, la Mayor realiz\u00f3 un recorrido hist\u00f3rico por la trayectoria de la instituci\u00f3n desde su fundaci\u00f3n el 27 de abril de 1927. Con 99 a\u00f1os de vida \u2014y camino a su centenario\u2014, destac\u00f3 especialmente el v\u00ednculo con nuestra localidad, recordando que Carabineros lleg\u00f3 a Re\u00f1aca en el a\u00f1o 1935, consolidando desde entonces un compromiso inquebrantable con la seguridad de los vecinos del sector.<\/p>\n\n\n\n<p><strong>Hitos y legado institucional<\/strong><\/p>\n\n\n\n<p>Uno de los momentos m\u00e1s significativos de la presentaci\u00f3n fue la menci\u00f3n a la incorporaci\u00f3n de la primera mujer a la instituci\u00f3n en el a\u00f1o 1962. Este hecho, resaltado por la Mayor O\u00f1ate, no solo marc\u00f3 un precedente en la historia de Chile, sino que posicion\u00f3 a Carabineros como pionero en el contexto latinoamericano en materia de integraci\u00f3n de la mujer a las fuerzas de orden.<\/p>\n\n\n\n<p>Asimismo, se dedic\u00f3 un espacio de profunda reflexi\u00f3n al sacrificio de quienes han rendido la vida en cumplimiento del deber. Se record\u00f3 la sensible cifra de 1.256 m\u00e1rtires que la instituci\u00f3n suma a la fecha, hombres y mujeres que han entregado todo por proteger a la ciudadan\u00eda.<\/p>\n\n\n\n<p><strong>Fortalecimiento y futuro<\/strong><\/p>\n\n\n\n<p>De cara al centenario, la relatora abord\u00f3 la importancia de desarrollar un plan estrat\u00e9gico que permita fortalecer a la instituci\u00f3n de manera integral. El objetivo es modernizar y potenciar sus capacidades para seguir garantizando el orden p\u00fablico y la tranquilidad de las personas.<\/p>\n\n\n\n<p>Al cierre de la actividad, la Mayor Jimena O\u00f1ate Silva agradeci\u00f3 formalmente a la Corporaci\u00f3n de Adelanto y Desarrollo de Re\u00f1aca por su constante apoyo y por el sentido homenaje realizado a la instituci\u00f3n a trav\u00e9s de esta exposici\u00f3n y conferencia.<\/p>\n\n\n\n<p>.<\/p>\n\n\n\n<p>En este marco de gratitud, los vecinos de Re\u00f1aca quisieron expresar su profundo reconocimiento por la abnegada y muchas veces sacrificada labor que los efectivos realizan d\u00eda a d\u00eda en el sector. Agradecemos la participaci\u00f3n de representantes de las Juntas de Vecinos Re\u00f1aca Norte, Jard\u00edn del Mar y Los Almendros.<\/p>\n\n\n\n<p>Desde la Corporaci\u00f3n reafirmamos nuestro compromiso de seguir generando espacios que reconozcan la historia y la labor de instituciones que son pilares para nuestra comunidad<\/p>\n","protected":false},"excerpt":{"rendered":"<p>En un emotivo encuentro realizado en la Sala CODAR, se llev\u00f3 a cabo la inauguraci\u00f3n de la exposici\u00f3n de la Fundaci\u00f3n Skansen, una muestra pict\u00f3rica que busca poner en valor la labor fundamental que realiza Carabineros de Chile en nuestra sociedad. La actividad, enmarcada en el mes de aniversario de la instituci\u00f3n uniformada, tuvo como [&hellip;]<\/p>\n","protected":false},"author":2,"featured_media":14399,"comment_status":"open","ping_status":"open","sticky":false,"template":"","format":"standard","meta":{"footnotes":""},"categories":[1],"tags":[],"class_list":["post-14398","post","type-post","status-publish","format-standard","has-post-thumbnail","hentry","category-sin-categoria"],"rttpg_featured_image_url":{"full":["https:\/\/www.codar.cl\/index\/wp-content\/uploads\/2026\/04\/IMG_8010-scaled.jpeg",2089,2560,false],"landscape":["https:\/\/www.codar.cl\/index\/wp-content\/uploads\/2026\/04\/IMG_8010-scaled.jpeg",2089,2560,false],"portraits":["https:\/\/www.codar.cl\/index\/wp-content\/uploads\/2026\/04\/IMG_8010-scaled.jpeg",2089,2560,false],"thumbnail":["https:\/\/www.codar.cl\/index\/wp-content\/uploads\/2026\/04\/IMG_8010-150x150.jpeg",150,150,true],"medium":["https:\/\/www.codar.cl\/index\/wp-content\/uploads\/2026\/04\/IMG_8010-245x300.jpeg",245,300,true],"large":["https:\/\/www.codar.cl\/index\/wp-content\/uploads\/2026\/04\/IMG_8010-835x1024.jpeg",474,581,true],"1536x1536":["https:\/\/www.codar.cl\/index\/wp-content\/uploads\/2026\/04\/IMG_8010-1253x1536.jpeg",1253,1536,true],"2048x2048":["https:\/\/www.codar.cl\/index\/wp-content\/uploads\/2026\/04\/IMG_8010-1671x2048.jpeg",1671,2048,true],"minimag_345_308":["https:\/\/www.codar.cl\/index\/wp-content\/uploads\/2026\/04\/IMG_8010-345x308.jpeg",345,308,true],"minimag_100_80":["https:\/\/www.codar.cl\/index\/wp-content\/uploads\/2026\/04\/IMG_8010-100x80.jpeg",100,80,true],"minimag_345_230":["https:\/\/www.codar.cl\/index\/wp-content\/uploads\/2026\/04\/IMG_8010-345x230.jpeg",345,230,true],"minimag_1170_500":["https:\/\/www.codar.cl\/index\/wp-content\/uploads\/2026\/04\/IMG_8010-1170x500.jpeg",1170,500,true],"minimag_1170_669":["https:\/\/www.codar.cl\/index\/wp-content\/uploads\/2026\/04\/IMG_8010-1170x669.jpeg",1170,669,true],"minimag_770_440":["https:\/\/www.codar.cl\/index\/wp-content\/uploads\/2026\/04\/IMG_8010-770x440.jpeg",770,440,true],"minimag_170_170":["https:\/\/www.codar.cl\/index\/wp-content\/uploads\/2026\/04\/IMG_8010-170x170.jpeg",170,170,true],"minimag_1170_605":["https:\/\/www.codar.cl\/index\/wp-content\/uploads\/2026\/04\/IMG_8010-1170x605.jpeg",1170,605,true],"minimag_770_513":["https:\/\/www.codar.cl\/index\/wp-content\/uploads\/2026\/04\/IMG_8010-770x513.jpeg",770,513,true],"minimag_910_550":["https:\/\/www.codar.cl\/index\/wp-content\/uploads\/2026\/04\/IMG_8010-910x550.jpeg",910,550,true],"minimag_370_247":["https:\/\/www.codar.cl\/index\/wp-content\/uploads\/2026\/04\/IMG_8010-370x247.jpeg",370,247,true],"minimag_270_220":["https:\/\/www.codar.cl\/index\/wp-content\/uploads\/2026\/04\/IMG_8010-270x220.jpeg",270,220,true],"minimag_440_293":["https:\/\/www.codar.cl\/index\/wp-content\/uploads\/2026\/04\/IMG_8010-440x293.jpeg",440,293,true],"minimag_351_247":["https:\/\/www.codar.cl\/index\/wp-content\/uploads\/2026\/04\/IMG_8010-351x247.jpeg",351,247,true],"minimag_570_380":["https:\/\/www.codar.cl\/index\/wp-content\/uploads\/2026\/04\/IMG_8010-570x380.jpeg",570,380,true],"minimag_501_375":["https:\/\/www.codar.cl\/index\/wp-content\/uploads\/2026\/04\/IMG_8010-501x375.jpeg",501,375,true],"minimag_770_500":["https:\/\/www.codar.cl\/index\/wp-content\/uploads\/2026\/04\/IMG_8010-770x500.jpeg",770,500,true],"minimag_395_499":["https:\/\/www.codar.cl\/index\/wp-content\/uploads\/2026\/04\/IMG_8010-395x499.jpeg",395,499,true],"minimag_1164_500":["https:\/\/www.codar.cl\/index\/wp-content\/uploads\/2026\/04\/IMG_8010-1164x500.jpeg",1164,500,true],"minimag_700_600":["https:\/\/www.codar.cl\/index\/wp-content\/uploads\/2026\/04\/IMG_8010-700x600.jpeg",700,600,true],"minimag_477_500":["https:\/\/www.codar.cl\/index\/wp-content\/uploads\/2026\/04\/IMG_8010-477x500.jpeg",477,500,true],"minimag_370_493":["https:\/\/www.codar.cl\/index\/wp-content\/uploads\/2026\/04\/IMG_8010-370x493.jpeg",370,493,true],"minimag_370_370":["https:\/\/www.codar.cl\/index\/wp-content\/uploads\/2026\/04\/IMG_8010-370x370.jpeg",370,370,true],"minimag_370_555":["https:\/\/www.codar.cl\/index\/wp-content\/uploads\/2026\/04\/IMG_8010-370x555.jpeg",370,555,true],"minimag_370_399":["https:\/\/www.codar.cl\/index\/wp-content\/uploads\/2026\/04\/IMG_8010-370x399.jpeg",370,399,true],"minimag_370_494":["https:\/\/www.codar.cl\/index\/wp-content\/uploads\/2026\/04\/IMG_8010-370x494.jpeg",370,494,true],"minimag_370_241":["https:\/\/www.codar.cl\/index\/wp-content\/uploads\/2026\/04\/IMG_8010-370x241.jpeg",370,241,true],"minimag_440_660":["https:\/\/www.codar.cl\/index\/wp-content\/uploads\/2026\/04\/IMG_8010-440x660.jpeg",440,660,true],"minimag_440_440":["https:\/\/www.codar.cl\/index\/wp-content\/uploads\/2026\/04\/IMG_8010-440x440.jpeg",440,440,true],"minimag_440_589":["https:\/\/www.codar.cl\/index\/wp-content\/uploads\/2026\/04\/IMG_8010-440x589.jpeg",440,589,true],"minimag_440_580":["https:\/\/www.codar.cl\/index\/wp-content\/uploads\/2026\/04\/IMG_8010-440x580.jpeg",440,580,true],"minimag_440_294":["https:\/\/www.codar.cl\/index\/wp-content\/uploads\/2026\/04\/IMG_8010-440x294.jpeg",440,294,true],"minimag_370_479":["https:\/\/www.codar.cl\/index\/wp-content\/uploads\/2026\/04\/IMG_8010-370x479.jpeg",370,479,true],"minimag_396_248":["https:\/\/www.codar.cl\/index\/wp-content\/uploads\/2026\/04\/IMG_8010-396x248.jpeg",396,248,true],"post-thumbnail":["https:\/\/www.codar.cl\/index\/wp-content\/uploads\/2026\/04\/IMG_8010-770x513.jpeg",770,513,true],"minimag_1920_400":["https:\/\/www.codar.cl\/index\/wp-content\/uploads\/2026\/04\/IMG_8010-1920x400.jpeg",1920,400,true],"minimag_1170_250":["https:\/\/www.codar.cl\/index\/wp-content\/uploads\/2026\/04\/IMG_8010-1170x250.jpeg",1170,250,true],"minimag_170_113":["https:\/\/www.codar.cl\/index\/wp-content\/uploads\/2026\/04\/IMG_8010-170x113.jpeg",170,113,true]},"rttpg_author":{"display_name":"Marcela cadematorig","author_link":"https:\/\/www.codar.cl\/index\/author\/marcela\/"},"rttpg_comment":0,"rttpg_category":"<a href=\"https:\/\/www.codar.cl\/index\/category\/sin-categoria\/\" rel=\"category tag\">Actividades<\/a>","rttpg_excerpt":"En un emotivo encuentro realizado en la Sala CODAR, se llev\u00f3 a cabo la inauguraci\u00f3n de la exposici\u00f3n de la Fundaci\u00f3n Skansen, una muestra pict\u00f3rica que busca poner en valor la labor fundamental que realiza Carabineros de Chile en nuestra sociedad. La actividad, enmarcada en el mes de aniversario de la instituci\u00f3n uniformada, tuvo como&hellip;","_links":{"self":[{"href":"https:\/\/www.codar.cl\/index\/wp-json\/wp\/v2\/posts\/14398","targetHints":{"allow":["GET"]}}],"collection":[{"href":"https:\/\/www.codar.cl\/index\/wp-json\/wp\/v2\/posts"}],"about":[{"href":"https:\/\/www.codar.cl\/index\/wp-json\/wp\/v2\/types\/post"}],"author":[{"embeddable":true,"href":"https:\/\/www.codar.cl\/index\/wp-json\/wp\/v2\/users\/2"}],"replies":[{"embeddable":true,"href":"https:\/\/www.codar.cl\/index\/wp-json\/wp\/v2\/comments?post=14398"}],"version-history":[{"count":2,"href":"https:\/\/www.codar.cl\/index\/wp-json\/wp\/v2\/posts\/14398\/revisions"}],"predecessor-version":[{"id":14401,"href":"https:\/\/www.codar.cl\/index\/wp-json\/wp\/v2\/posts\/14398\/revisions\/14401"}],"wp:featuredmedia":[{"embeddable":true,"href":"https:\/\/www.codar.cl\/index\/wp-json\/wp\/v2\/media\/14399"}],"wp:attachment":[{"href":"https:\/\/www.codar.cl\/index\/wp-json\/wp\/v2\/media?parent=14398"}],"wp:term":[{"taxonomy":"category","embeddable":true,"href":"https:\/\/www.codar.cl\/index\/wp-json\/wp\/v2\/categories?post=14398"},{"taxonomy":"post_tag","embeddable":true,"href":"https:\/\/www.codar.cl\/index\/wp-json\/wp\/v2\/tags?post=14398"}],"curies":[{"name":"wp","href":"https:\/\/api.w.org\/{rel}","templated":true}]}}