{"id":14606,"date":"2026-06-03T23:24:23","date_gmt":"2026-06-03T23:24:23","guid":{"rendered":"https:\/\/www.codar.cl\/index\/?p=14606"},"modified":"2026-06-03T23:24:59","modified_gmt":"2026-06-03T23:24:59","slug":"taller-de-participacion-ciudadana-para-la-postulacion-zoit-vina-del-mar-concon","status":"publish","type":"post","link":"https:\/\/www.codar.cl\/index\/taller-de-participacion-ciudadana-para-la-postulacion-zoit-vina-del-mar-concon\/","title":{"rendered":"TALLER DE PARTICIPACI\u00d3N CIUDADANA PARA LA POSTULACI\u00d3N ZOIT VI\u00d1A DEL MAR &#8211; CONC\u00d3N."},"content":{"rendered":"\n<p>Esta fue una instancia clave para proyectar de forma conjunta el desarrollo tur\u00edstico y sostenible de nuestro territorio. La jornada de trabajo colaborativo fue muy productiva y se dividi\u00f3 en tres grandes etapas:<\/p>\n\n\n\n<ul class=\"wp-block-list\">\n<li>\ud83d\udccd <strong>Etapa 1:<\/strong> enfocada en identificar y mapear los principales puntos de inter\u00e9s tur\u00edstico de Re\u00f1aca.<\/li>\n\n\n\n<li>\ud83d\udcca <strong>Etapa 2:<\/strong> en la cual se analizaron cierto\u00a0 puntos de inter\u00e9s\u00a0 para el sector bajo la metodolog\u00eda <strong>FODA<\/strong> (Fortalezas, Oportunidades, Debilidades y Amenazas), levantando la mirada t\u00e9cnica y comunitaria de los propios habitantes.<\/li>\n\n\n\n<li>\ud83d\udde3\ufe0f <strong>Etapa 3:<\/strong> en la cual se cerr\u00f3 con un gran <strong>Plenario<\/strong>, donde pusimos en com\u00fan las conclusiones y se abord\u00f3 un resumen general de la reuni\u00f3n.<\/li>\n<\/ul>\n\n\n\n<p><strong>\u00bfQu\u00e9 viene ahora?<\/strong> Toda la valiosa informaci\u00f3n recopilada en estas mesas de trabajo ser\u00e1 completamente sistematizada e incorporada formalmente en el expediente de postulaci\u00f3n del destino como Zona de Inter\u00e9s Tur\u00edstico.<\/p>\n","protected":false},"excerpt":{"rendered":"<p>Esta fue una instancia clave para proyectar de forma conjunta el desarrollo tur\u00edstico y sostenible de nuestro territorio. La jornada de trabajo colaborativo fue muy productiva y se dividi\u00f3 en tres grandes etapas: \u00bfQu\u00e9 viene ahora? Toda la valiosa informaci\u00f3n recopilada en estas mesas de trabajo ser\u00e1 completamente sistematizada e incorporada formalmente en el expediente [&hellip;]<\/p>\n","protected":false},"author":2,"featured_media":14607,"comment_status":"open","ping_status":"open","sticky":false,"template":"","format":"standard","meta":{"footnotes":""},"categories":[2],"tags":[],"class_list":["post-14606","post","type-post","status-publish","format-standard","has-post-thumbnail","hentry","category-noticias"],"rttpg_featured_image_url":{"full":["https:\/\/www.codar.cl\/index\/wp-content\/uploads\/2026\/06\/IMG_8766-scaled.jpeg",1920,2560,false],"landscape":["https:\/\/www.codar.cl\/index\/wp-content\/uploads\/2026\/06\/IMG_8766-scaled.jpeg",1920,2560,false],"portraits":["https:\/\/www.codar.cl\/index\/wp-content\/uploads\/2026\/06\/IMG_8766-scaled.jpeg",1920,2560,false],"thumbnail":["https:\/\/www.codar.cl\/index\/wp-content\/uploads\/2026\/06\/IMG_8766-150x150.jpeg",150,150,true],"medium":["https:\/\/www.codar.cl\/index\/wp-content\/uploads\/2026\/06\/IMG_8766-225x300.jpeg",225,300,true],"large":["https:\/\/www.codar.cl\/index\/wp-content\/uploads\/2026\/06\/IMG_8766-scaled.jpeg",1920,2560,false],"post-thumbnail":["https:\/\/www.codar.cl\/index\/wp-content\/uploads\/2026\/06\/IMG_8766-770x513.jpeg",770,513,true]},"rttpg_author":{"display_name":"Marcela cadematorig","author_link":"https:\/\/www.codar.cl\/index\/author\/marcela\/"},"rttpg_comment":0,"rttpg_category":"<a href=\"https:\/\/www.codar.cl\/index\/category\/noticias\/\" rel=\"category tag\">Noticias Codar<\/a>","rttpg_excerpt":"Esta fue una instancia clave para proyectar de forma conjunta el desarrollo tur\u00edstico y sostenible de nuestro territorio. La jornada de trabajo colaborativo fue muy productiva y se dividi\u00f3 en tres grandes etapas: \u00bfQu\u00e9 viene ahora? Toda la valiosa informaci\u00f3n recopilada en estas mesas de trabajo ser\u00e1 completamente sistematizada e incorporada formalmente en el expediente&hellip;","_links":{"self":[{"href":"https:\/\/www.codar.cl\/index\/wp-json\/wp\/v2\/posts\/14606","targetHints":{"allow":["GET"]}}],"collection":[{"href":"https:\/\/www.codar.cl\/index\/wp-json\/wp\/v2\/posts"}],"about":[{"href":"https:\/\/www.codar.cl\/index\/wp-json\/wp\/v2\/types\/post"}],"author":[{"embeddable":true,"href":"https:\/\/www.codar.cl\/index\/wp-json\/wp\/v2\/users\/2"}],"replies":[{"embeddable":true,"href":"https:\/\/www.codar.cl\/index\/wp-json\/wp\/v2\/comments?post=14606"}],"version-history":[{"count":2,"href":"https:\/\/www.codar.cl\/index\/wp-json\/wp\/v2\/posts\/14606\/revisions"}],"predecessor-version":[{"id":14609,"href":"https:\/\/www.codar.cl\/index\/wp-json\/wp\/v2\/posts\/14606\/revisions\/14609"}],"wp:featuredmedia":[{"embeddable":true,"href":"https:\/\/www.codar.cl\/index\/wp-json\/wp\/v2\/media\/14607"}],"wp:attachment":[{"href":"https:\/\/www.codar.cl\/index\/wp-json\/wp\/v2\/media?parent=14606"}],"wp:term":[{"taxonomy":"category","embeddable":true,"href":"https:\/\/www.codar.cl\/index\/wp-json\/wp\/v2\/categories?post=14606"},{"taxonomy":"post_tag","embeddable":true,"href":"https:\/\/www.codar.cl\/index\/wp-json\/wp\/v2\/tags?post=14606"}],"curies":[{"name":"wp","href":"https:\/\/api.w.org\/{rel}","templated":true}]}}