{"id":14734,"date":"2026-07-02T18:56:02","date_gmt":"2026-07-02T18:56:02","guid":{"rendered":"https:\/\/www.codar.cl\/index\/?p=14734"},"modified":"2026-07-02T18:57:22","modified_gmt":"2026-07-02T18:57:22","slug":"cierre-ciclo-de-charlas-antonio-gaudi-notable","status":"publish","type":"post","link":"https:\/\/www.codar.cl\/index\/cierre-ciclo-de-charlas-antonio-gaudi-notable\/","title":{"rendered":"CIERRE CICLO DE CHARLAS &#8220;ANTONIO GAUD\u00cd NOTABLE&#8221;"},"content":{"rendered":"\n<p>Con gran \u00e9xito y una convocatoria que super\u00f3 todas las expectativas, cerramos el ciclo de conferencias dedicado al genio de la arquitectura mundial: <strong>Antoni Gaud\u00ed<\/strong>.<\/p>\n\n\n\n<p>De la mano del destacado profesor e investigador <strong>Jorge Salom\u00f3<\/strong>, nuestra Sala CODAR se llen\u00f3 de historia, arte y debate. A lo largo de estas jornadas, no solo recorrimos la fascinante vida del artista catal\u00e1n, sino que nos sumergimos a fondo en:<\/p>\n\n\n\n<ul class=\"wp-block-list\">\n<li><strong>La obra de una vida:<\/strong> El misticismo y los secretos detr\u00e1s de la monumental Bas\u00edlica de la Sagrada Familia.<\/li>\n\n\n\n<li><strong>\u00a0&#8220;Efecto Gaud\u00ed&#8221;:<\/strong> C\u00f3mo el legado del arquitecto transform\u00f3 por completo a Barcelona, convirti\u00e9ndola en un epicentro del turismo mundial.<\/li>\n<\/ul>\n\n\n\n<p>Queremos agradecer profundamente al profesor Salom\u00f3 por su incre\u00edble entrega y a cada uno de ustedes por acompa\u00f1arnos, demostrar su alto inter\u00e9s y dar vida a estos encuentros culturales que tanto nos enriquecen como comunidad<\/p>\n","protected":false},"excerpt":{"rendered":"<p>Con gran \u00e9xito y una convocatoria que super\u00f3 todas las expectativas, cerramos el ciclo de conferencias dedicado al genio de la arquitectura mundial: Antoni Gaud\u00ed. De la mano del destacado profesor e investigador Jorge Salom\u00f3, nuestra Sala CODAR se llen\u00f3 de historia, arte y debate. A lo largo de estas jornadas, no solo recorrimos la [&hellip;]<\/p>\n","protected":false},"author":2,"featured_media":14735,"comment_status":"open","ping_status":"open","sticky":false,"template":"","format":"standard","meta":{"footnotes":""},"categories":[1],"tags":[],"class_list":["post-14734","post","type-post","status-publish","format-standard","has-post-thumbnail","hentry","category-sin-categoria"],"rttpg_featured_image_url":{"full":["https:\/\/www.codar.cl\/index\/wp-content\/uploads\/2026\/07\/IMG_9333-scaled.jpeg",1920,2560,false],"landscape":["https:\/\/www.codar.cl\/index\/wp-content\/uploads\/2026\/07\/IMG_9333-scaled.jpeg",1920,2560,false],"portraits":["https:\/\/www.codar.cl\/index\/wp-content\/uploads\/2026\/07\/IMG_9333-scaled.jpeg",1920,2560,false],"thumbnail":["https:\/\/www.codar.cl\/index\/wp-content\/uploads\/2026\/07\/IMG_9333-150x150.jpeg",150,150,true],"medium":["https:\/\/www.codar.cl\/index\/wp-content\/uploads\/2026\/07\/IMG_9333-225x300.jpeg",225,300,true],"large":["https:\/\/www.codar.cl\/index\/wp-content\/uploads\/2026\/07\/IMG_9333-scaled.jpeg",1920,2560,false],"post-thumbnail":["https:\/\/www.codar.cl\/index\/wp-content\/uploads\/2026\/07\/IMG_9333-770x513.jpeg",770,513,true]},"rttpg_author":{"display_name":"Marcela cadematorig","author_link":"https:\/\/www.codar.cl\/index\/author\/marcela\/"},"rttpg_comment":0,"rttpg_category":"<a href=\"https:\/\/www.codar.cl\/index\/category\/sin-categoria\/\" rel=\"category tag\">Actividades<\/a>","rttpg_excerpt":"Con gran \u00e9xito y una convocatoria que super\u00f3 todas las expectativas, cerramos el ciclo de conferencias dedicado al genio de la arquitectura mundial: Antoni Gaud\u00ed. De la mano del destacado profesor e investigador Jorge Salom\u00f3, nuestra Sala CODAR se llen\u00f3 de historia, arte y debate. A lo largo de estas jornadas, no solo recorrimos la&hellip;","_links":{"self":[{"href":"https:\/\/www.codar.cl\/index\/wp-json\/wp\/v2\/posts\/14734","targetHints":{"allow":["GET"]}}],"collection":[{"href":"https:\/\/www.codar.cl\/index\/wp-json\/wp\/v2\/posts"}],"about":[{"href":"https:\/\/www.codar.cl\/index\/wp-json\/wp\/v2\/types\/post"}],"author":[{"embeddable":true,"href":"https:\/\/www.codar.cl\/index\/wp-json\/wp\/v2\/users\/2"}],"replies":[{"embeddable":true,"href":"https:\/\/www.codar.cl\/index\/wp-json\/wp\/v2\/comments?post=14734"}],"version-history":[{"count":2,"href":"https:\/\/www.codar.cl\/index\/wp-json\/wp\/v2\/posts\/14734\/revisions"}],"predecessor-version":[{"id":14737,"href":"https:\/\/www.codar.cl\/index\/wp-json\/wp\/v2\/posts\/14734\/revisions\/14737"}],"wp:featuredmedia":[{"embeddable":true,"href":"https:\/\/www.codar.cl\/index\/wp-json\/wp\/v2\/media\/14735"}],"wp:attachment":[{"href":"https:\/\/www.codar.cl\/index\/wp-json\/wp\/v2\/media?parent=14734"}],"wp:term":[{"taxonomy":"category","embeddable":true,"href":"https:\/\/www.codar.cl\/index\/wp-json\/wp\/v2\/categories?post=14734"},{"taxonomy":"post_tag","embeddable":true,"href":"https:\/\/www.codar.cl\/index\/wp-json\/wp\/v2\/tags?post=14734"}],"curies":[{"name":"wp","href":"https:\/\/api.w.org\/{rel}","templated":true}]}}