{"id":14812,"date":"2026-07-14T21:58:28","date_gmt":"2026-07-14T21:58:28","guid":{"rendered":"https:\/\/www.codar.cl\/index\/?p=14812"},"modified":"2026-07-14T21:59:03","modified_gmt":"2026-07-14T21:59:03","slug":"charla-la-verdadera-historia-del-gran-escape-una-historia-de-la-segunda-guerra-mundial","status":"publish","type":"post","link":"https:\/\/www.codar.cl\/index\/charla-la-verdadera-historia-del-gran-escape-una-historia-de-la-segunda-guerra-mundial\/","title":{"rendered":"Charla &#8220;La verdadera historia del Gran Escape, una historia de la Segunda Guerra Mundial&#8221;"},"content":{"rendered":"\n<p>Nos llena de orgullo ver c\u00f3mo nuestra corporaci\u00f3n se consolida d\u00eda a d\u00eda como un motor de encuentro y difusi\u00f3n cultural para nuestra comunidad. El pasado jueves 9 de julio se vivi\u00f3 una de esas jornadas memorables en nuestras dependencias, reuniendo a vecinos, vecinas y apasionados de la historia.<\/p>\n\n\n\n<p>En esta oportunidad, el encuentro gir\u00f3 en torno a la charla <strong>&#8220;La verdadera historia del Gran Escape, una historia de la Segunda Guerra Mundial&#8221;<\/strong>, una instancia que nos permiti\u00f3 sumergirnos en uno de los episodios m\u00e1s fascinantes y simb\u00f3licos del siglo XX.<\/p>\n\n\n\n<h3 class=\"wp-block-heading\">Descubriendo los mitos y realidades<\/h3>\n\n\n\n<p>La actividad estuvo a cargo del destacado expositor <strong>Jorge Bernal<\/strong>, quien con maestr\u00eda, rigor hist\u00f3rico y un gran dinamismo, gui\u00f3 a los asistentes a trav\u00e9s de los hechos reales, los mitos populares y aquellos detalles desconocidos que rodearon a esta legendaria haza\u00f1a.<\/p>\n\n\n\n<p>Durante la exposici\u00f3n, el p\u00fablico no solo pudo conocer los pormenores t\u00e1cticos y humanos del escape, sino que tambi\u00e9n particip\u00f3 activamente, generando un valioso espacio de conversaci\u00f3n y aprendizaje compartido en nuestra <strong>Sala CODAR<\/strong>.<\/p>\n","protected":false},"excerpt":{"rendered":"<p>Nos llena de orgullo ver c\u00f3mo nuestra corporaci\u00f3n se consolida d\u00eda a d\u00eda como un motor de encuentro y difusi\u00f3n cultural para nuestra comunidad. El pasado jueves 9 de julio se vivi\u00f3 una de esas jornadas memorables en nuestras dependencias, reuniendo a vecinos, vecinas y apasionados de la historia. En esta oportunidad, el encuentro gir\u00f3 [&hellip;]<\/p>\n","protected":false},"author":2,"featured_media":14813,"comment_status":"open","ping_status":"open","sticky":false,"template":"","format":"standard","meta":{"footnotes":""},"categories":[1],"tags":[],"class_list":["post-14812","post","type-post","status-publish","format-standard","has-post-thumbnail","hentry","category-sin-categoria"],"rttpg_featured_image_url":{"full":["https:\/\/www.codar.cl\/index\/wp-content\/uploads\/2026\/07\/d968a48d-0519-47dc-a08c-57f7e751613b.jpg",1200,1600,false],"landscape":["https:\/\/www.codar.cl\/index\/wp-content\/uploads\/2026\/07\/d968a48d-0519-47dc-a08c-57f7e751613b.jpg",1200,1600,false],"portraits":["https:\/\/www.codar.cl\/index\/wp-content\/uploads\/2026\/07\/d968a48d-0519-47dc-a08c-57f7e751613b.jpg",1200,1600,false],"thumbnail":["https:\/\/www.codar.cl\/index\/wp-content\/uploads\/2026\/07\/d968a48d-0519-47dc-a08c-57f7e751613b-150x150.jpg",150,150,true],"medium":["https:\/\/www.codar.cl\/index\/wp-content\/uploads\/2026\/07\/d968a48d-0519-47dc-a08c-57f7e751613b-225x300.jpg",225,300,true],"large":["https:\/\/www.codar.cl\/index\/wp-content\/uploads\/2026\/07\/d968a48d-0519-47dc-a08c-57f7e751613b.jpg",1200,1600,false],"post-thumbnail":["https:\/\/www.codar.cl\/index\/wp-content\/uploads\/2026\/07\/d968a48d-0519-47dc-a08c-57f7e751613b-770x513.jpg",770,513,true]},"rttpg_author":{"display_name":"Marcela cadematorig","author_link":"https:\/\/www.codar.cl\/index\/author\/marcela\/"},"rttpg_comment":0,"rttpg_category":"<a href=\"https:\/\/www.codar.cl\/index\/category\/sin-categoria\/\" rel=\"category tag\">Actividades<\/a>","rttpg_excerpt":"Nos llena de orgullo ver c\u00f3mo nuestra corporaci\u00f3n se consolida d\u00eda a d\u00eda como un motor de encuentro y difusi\u00f3n cultural para nuestra comunidad. El pasado jueves 9 de julio se vivi\u00f3 una de esas jornadas memorables en nuestras dependencias, reuniendo a vecinos, vecinas y apasionados de la historia. En esta oportunidad, el encuentro gir\u00f3&hellip;","_links":{"self":[{"href":"https:\/\/www.codar.cl\/index\/wp-json\/wp\/v2\/posts\/14812","targetHints":{"allow":["GET"]}}],"collection":[{"href":"https:\/\/www.codar.cl\/index\/wp-json\/wp\/v2\/posts"}],"about":[{"href":"https:\/\/www.codar.cl\/index\/wp-json\/wp\/v2\/types\/post"}],"author":[{"embeddable":true,"href":"https:\/\/www.codar.cl\/index\/wp-json\/wp\/v2\/users\/2"}],"replies":[{"embeddable":true,"href":"https:\/\/www.codar.cl\/index\/wp-json\/wp\/v2\/comments?post=14812"}],"version-history":[{"count":2,"href":"https:\/\/www.codar.cl\/index\/wp-json\/wp\/v2\/posts\/14812\/revisions"}],"predecessor-version":[{"id":14815,"href":"https:\/\/www.codar.cl\/index\/wp-json\/wp\/v2\/posts\/14812\/revisions\/14815"}],"wp:featuredmedia":[{"embeddable":true,"href":"https:\/\/www.codar.cl\/index\/wp-json\/wp\/v2\/media\/14813"}],"wp:attachment":[{"href":"https:\/\/www.codar.cl\/index\/wp-json\/wp\/v2\/media?parent=14812"}],"wp:term":[{"taxonomy":"category","embeddable":true,"href":"https:\/\/www.codar.cl\/index\/wp-json\/wp\/v2\/categories?post=14812"},{"taxonomy":"post_tag","embeddable":true,"href":"https:\/\/www.codar.cl\/index\/wp-json\/wp\/v2\/tags?post=14812"}],"curies":[{"name":"wp","href":"https:\/\/api.w.org\/{rel}","templated":true}]}}