{"id":14816,"date":"2026-07-16T23:36:52","date_gmt":"2026-07-16T23:36:52","guid":{"rendered":"https:\/\/www.codar.cl\/index\/?p=14816"},"modified":"2026-07-16T23:37:20","modified_gmt":"2026-07-16T23:37:20","slug":"inauguracion-exposicion-retratos-de-luz-y-alma","status":"publish","type":"post","link":"https:\/\/www.codar.cl\/index\/inauguracion-exposicion-retratos-de-luz-y-alma\/","title":{"rendered":"INAUGURACI\u00d3N EXPOSICI\u00d3N\u00a0&#8220;RETRATOS DE LUZ Y ALMA&#8221;"},"content":{"rendered":"\n<p>En Sala Codar se  realiz\u00f3 la inauguraci\u00f3n de la exposici\u00f3n\u00a0<strong>&#8220;Retratos de Luz y Alma&#8221;<\/strong>, de la artista visual Mar\u00eda Eugenia Lobos Ortiz. La jornada fue un \u00e9xito, destacando especialmente el conversatorio\u00a0<em>&#8220;Vivencias al \u00f3leo: Tu experiencia, el mejor pigmento&#8221;<\/em>\u00a0a cargo de Mariangeles Vega Rebolledo, quien nos brind\u00f3 un espacio de conexi\u00f3n profunda y reflexi\u00f3n sobre la creaci\u00f3n art\u00edstica.<\/p>\n","protected":false},"excerpt":{"rendered":"<p>En Sala Codar se realiz\u00f3 la inauguraci\u00f3n de la exposici\u00f3n\u00a0&#8220;Retratos de Luz y Alma&#8221;, de la artista visual Mar\u00eda Eugenia Lobos Ortiz. La jornada fue un \u00e9xito, destacando especialmente el conversatorio\u00a0&#8220;Vivencias al \u00f3leo: Tu experiencia, el mejor pigmento&#8221;\u00a0a cargo de Mariangeles Vega Rebolledo, quien nos brind\u00f3 un espacio de conexi\u00f3n profunda y reflexi\u00f3n sobre la [&hellip;]<\/p>\n","protected":false},"author":2,"featured_media":14817,"comment_status":"open","ping_status":"open","sticky":false,"template":"","format":"standard","meta":{"footnotes":""},"categories":[1],"tags":[],"class_list":["post-14816","post","type-post","status-publish","format-standard","has-post-thumbnail","hentry","category-sin-categoria"],"rttpg_featured_image_url":{"full":["https:\/\/www.codar.cl\/index\/wp-content\/uploads\/2026\/07\/9a36bd23-a9ba-48e1-8cd5-301a217b63d5.jpg",1280,960,false],"landscape":["https:\/\/www.codar.cl\/index\/wp-content\/uploads\/2026\/07\/9a36bd23-a9ba-48e1-8cd5-301a217b63d5.jpg",1280,960,false],"portraits":["https:\/\/www.codar.cl\/index\/wp-content\/uploads\/2026\/07\/9a36bd23-a9ba-48e1-8cd5-301a217b63d5.jpg",1280,960,false],"thumbnail":["https:\/\/www.codar.cl\/index\/wp-content\/uploads\/2026\/07\/9a36bd23-a9ba-48e1-8cd5-301a217b63d5-150x150.jpg",150,150,true],"medium":["https:\/\/www.codar.cl\/index\/wp-content\/uploads\/2026\/07\/9a36bd23-a9ba-48e1-8cd5-301a217b63d5-300x225.jpg",300,225,true],"large":["https:\/\/www.codar.cl\/index\/wp-content\/uploads\/2026\/07\/9a36bd23-a9ba-48e1-8cd5-301a217b63d5.jpg",1280,960,false],"post-thumbnail":["https:\/\/www.codar.cl\/index\/wp-content\/uploads\/2026\/07\/9a36bd23-a9ba-48e1-8cd5-301a217b63d5-770x513.jpg",770,513,true]},"rttpg_author":{"display_name":"Marcela cadematorig","author_link":"https:\/\/www.codar.cl\/index\/author\/marcela\/"},"rttpg_comment":0,"rttpg_category":"<a href=\"https:\/\/www.codar.cl\/index\/category\/sin-categoria\/\" rel=\"category tag\">Actividades<\/a>","rttpg_excerpt":"En Sala Codar se realiz\u00f3 la inauguraci\u00f3n de la exposici\u00f3n\u00a0&#8220;Retratos de Luz y Alma&#8221;, de la artista visual Mar\u00eda Eugenia Lobos Ortiz. La jornada fue un \u00e9xito, destacando especialmente el conversatorio\u00a0&#8220;Vivencias al \u00f3leo: Tu experiencia, el mejor pigmento&#8221;\u00a0a cargo de Mariangeles Vega Rebolledo, quien nos brind\u00f3 un espacio de conexi\u00f3n profunda y reflexi\u00f3n sobre la&hellip;","_links":{"self":[{"href":"https:\/\/www.codar.cl\/index\/wp-json\/wp\/v2\/posts\/14816","targetHints":{"allow":["GET"]}}],"collection":[{"href":"https:\/\/www.codar.cl\/index\/wp-json\/wp\/v2\/posts"}],"about":[{"href":"https:\/\/www.codar.cl\/index\/wp-json\/wp\/v2\/types\/post"}],"author":[{"embeddable":true,"href":"https:\/\/www.codar.cl\/index\/wp-json\/wp\/v2\/users\/2"}],"replies":[{"embeddable":true,"href":"https:\/\/www.codar.cl\/index\/wp-json\/wp\/v2\/comments?post=14816"}],"version-history":[{"count":2,"href":"https:\/\/www.codar.cl\/index\/wp-json\/wp\/v2\/posts\/14816\/revisions"}],"predecessor-version":[{"id":14819,"href":"https:\/\/www.codar.cl\/index\/wp-json\/wp\/v2\/posts\/14816\/revisions\/14819"}],"wp:featuredmedia":[{"embeddable":true,"href":"https:\/\/www.codar.cl\/index\/wp-json\/wp\/v2\/media\/14817"}],"wp:attachment":[{"href":"https:\/\/www.codar.cl\/index\/wp-json\/wp\/v2\/media?parent=14816"}],"wp:term":[{"taxonomy":"category","embeddable":true,"href":"https:\/\/www.codar.cl\/index\/wp-json\/wp\/v2\/categories?post=14816"},{"taxonomy":"post_tag","embeddable":true,"href":"https:\/\/www.codar.cl\/index\/wp-json\/wp\/v2\/tags?post=14816"}],"curies":[{"name":"wp","href":"https:\/\/api.w.org\/{rel}","templated":true}]}}