{"id":15083,"date":"2026-09-04T21:35:37","date_gmt":"2026-09-04T21:35:37","guid":{"rendered":"https:\/\/www.codar.cl\/index\/?p=15083"},"modified":"2026-09-04T21:35:51","modified_gmt":"2026-09-04T21:35:51","slug":"culmina-taller-de-mosaicos-para-escala-jardin-del-mar","status":"publish","type":"post","link":"https:\/\/www.codar.cl\/index\/culmina-taller-de-mosaicos-para-escala-jardin-del-mar\/","title":{"rendered":"CULMINA TALLER DE MOSAICOS PARA ESCALA JARD\u00cdN DEL MAR"},"content":{"rendered":"\n<p>Con profunda alegr\u00eda compartimos el t\u00e9rmino del \u00faltimo taller de mosaico, una iniciativa que adornar\u00e1 la emblem\u00e1tica escala de Jard\u00edn del Mar. Ver concretada esta primera etapa de la mano con el trabajo, la creatividad y la dedicaci\u00f3n de nuestros vecinos nos llena de orgullo como CODAR.<\/p>\n\n\n\n<p><strong>Lo que se viene:<\/strong><\/p>\n\n\n\n<ul class=\"wp-block-list\">\n<li><strong>Primera etapa concluida:<\/strong>\u00a0Elaboraci\u00f3n de las piezas comunitarias finalizada con \u00e9xito.<\/li>\n\n\n\n<li><strong>Pr\u00f3ximo paso:<\/strong>\u00a0Instalaci\u00f3n oficial del mosaico en la escala dentro de las pr\u00f3ximas semanas.<\/li>\n<\/ul>\n\n\n\n<p>Agradecemos sinceramente a cada vecino y vecina que sum\u00f3 sus manos para hermosear y revitalizar nuestro entorno. <\/p>\n\n\n\n<p>Felicitamos a la Junta de Vecinos Jard\u00edn del Mar por esta gran iniciativa y valoramos el apoyo del Departamento de Cultura de la Municipalidad de Vi\u00f1a del Mar y de la ONG en Colores<\/p>\n","protected":false},"excerpt":{"rendered":"<p>Con profunda alegr\u00eda compartimos el t\u00e9rmino del \u00faltimo taller de mosaico, una iniciativa que adornar\u00e1 la emblem\u00e1tica escala de Jard\u00edn del Mar. Ver concretada esta primera etapa de la mano con el trabajo, la creatividad y la dedicaci\u00f3n de nuestros vecinos nos llena de orgullo como CODAR. Lo que se viene: Agradecemos sinceramente a cada [&hellip;]<\/p>\n","protected":false},"author":2,"featured_media":15084,"comment_status":"open","ping_status":"open","sticky":false,"template":"","format":"standard","meta":{"footnotes":""},"categories":[1],"tags":[],"class_list":["post-15083","post","type-post","status-publish","format-standard","has-post-thumbnail","hentry","category-sin-categoria"],"rttpg_featured_image_url":{"full":["https:\/\/www.codar.cl\/index\/wp-content\/uploads\/2026\/09\/IMG_1161-scaled.jpeg",1920,2560,false],"landscape":["https:\/\/www.codar.cl\/index\/wp-content\/uploads\/2026\/09\/IMG_1161-scaled.jpeg",1920,2560,false],"portraits":["https:\/\/www.codar.cl\/index\/wp-content\/uploads\/2026\/09\/IMG_1161-scaled.jpeg",1920,2560,false],"thumbnail":["https:\/\/www.codar.cl\/index\/wp-content\/uploads\/2026\/09\/IMG_1161-150x150.jpeg",150,150,true],"medium":["https:\/\/www.codar.cl\/index\/wp-content\/uploads\/2026\/09\/IMG_1161-225x300.jpeg",225,300,true],"large":["https:\/\/www.codar.cl\/index\/wp-content\/uploads\/2026\/09\/IMG_1161-scaled.jpeg",1920,2560,false],"post-thumbnail":["https:\/\/www.codar.cl\/index\/wp-content\/uploads\/2026\/09\/IMG_1161-770x513.jpeg",770,513,true]},"rttpg_author":{"display_name":"Marcela cadematorig","author_link":"https:\/\/www.codar.cl\/index\/author\/marcela\/"},"rttpg_comment":0,"rttpg_category":"<a href=\"https:\/\/www.codar.cl\/index\/category\/sin-categoria\/\" rel=\"category tag\">Actividades<\/a>","rttpg_excerpt":"Con profunda alegr\u00eda compartimos el t\u00e9rmino del \u00faltimo taller de mosaico, una iniciativa que adornar\u00e1 la emblem\u00e1tica escala de Jard\u00edn del Mar. Ver concretada esta primera etapa de la mano con el trabajo, la creatividad y la dedicaci\u00f3n de nuestros vecinos nos llena de orgullo como CODAR. Lo que se viene: Agradecemos sinceramente a cada&hellip;","_links":{"self":[{"href":"https:\/\/www.codar.cl\/index\/wp-json\/wp\/v2\/posts\/15083","targetHints":{"allow":["GET"]}}],"collection":[{"href":"https:\/\/www.codar.cl\/index\/wp-json\/wp\/v2\/posts"}],"about":[{"href":"https:\/\/www.codar.cl\/index\/wp-json\/wp\/v2\/types\/post"}],"author":[{"embeddable":true,"href":"https:\/\/www.codar.cl\/index\/wp-json\/wp\/v2\/users\/2"}],"replies":[{"embeddable":true,"href":"https:\/\/www.codar.cl\/index\/wp-json\/wp\/v2\/comments?post=15083"}],"version-history":[{"count":2,"href":"https:\/\/www.codar.cl\/index\/wp-json\/wp\/v2\/posts\/15083\/revisions"}],"predecessor-version":[{"id":15086,"href":"https:\/\/www.codar.cl\/index\/wp-json\/wp\/v2\/posts\/15083\/revisions\/15086"}],"wp:featuredmedia":[{"embeddable":true,"href":"https:\/\/www.codar.cl\/index\/wp-json\/wp\/v2\/media\/15084"}],"wp:attachment":[{"href":"https:\/\/www.codar.cl\/index\/wp-json\/wp\/v2\/media?parent=15083"}],"wp:term":[{"taxonomy":"category","embeddable":true,"href":"https:\/\/www.codar.cl\/index\/wp-json\/wp\/v2\/categories?post=15083"},{"taxonomy":"post_tag","embeddable":true,"href":"https:\/\/www.codar.cl\/index\/wp-json\/wp\/v2\/tags?post=15083"}],"curies":[{"name":"wp","href":"https:\/\/api.w.org\/{rel}","templated":true}]}}