{"id":15087,"date":"2026-09-05T00:31:59","date_gmt":"2026-09-05T00:31:59","guid":{"rendered":"https:\/\/www.codar.cl\/index\/?p=15087"},"modified":"2026-09-05T00:32:34","modified_gmt":"2026-09-05T00:32:34","slug":"musical-pasamos-agosto","status":"publish","type":"post","link":"https:\/\/www.codar.cl\/index\/musical-pasamos-agosto\/","title":{"rendered":"MUSICAL &#8220;PASAMOS AGOSTO&#8221;"},"content":{"rendered":"\n<p>Con Sala Codar repleta empezamos este mes de septiembre junto al musical &#8220;Pasamos Agosto&#8221; que estuvo a cargo de Rub\u00e9n G\u00e1lvez, quien revivi\u00f3 grandes cl\u00e1sicos de todos los tiempos. <\/p>\n","protected":false},"excerpt":{"rendered":"<p>Con Sala Codar repleta empezamos este mes de septiembre junto al musical &#8220;Pasamos Agosto&#8221; que estuvo a cargo de Rub\u00e9n G\u00e1lvez, quien revivi\u00f3 grandes cl\u00e1sicos de todos los tiempos.<\/p>\n","protected":false},"author":2,"featured_media":15088,"comment_status":"open","ping_status":"open","sticky":false,"template":"","format":"standard","meta":{"footnotes":""},"categories":[1],"tags":[],"class_list":["post-15087","post","type-post","status-publish","format-standard","has-post-thumbnail","hentry","category-sin-categoria"],"rttpg_featured_image_url":{"full":["https:\/\/www.codar.cl\/index\/wp-content\/uploads\/2026\/09\/IMG_1179-scaled.jpeg",1920,2560,false],"landscape":["https:\/\/www.codar.cl\/index\/wp-content\/uploads\/2026\/09\/IMG_1179-scaled.jpeg",1920,2560,false],"portraits":["https:\/\/www.codar.cl\/index\/wp-content\/uploads\/2026\/09\/IMG_1179-scaled.jpeg",1920,2560,false],"thumbnail":["https:\/\/www.codar.cl\/index\/wp-content\/uploads\/2026\/09\/IMG_1179-150x150.jpeg",150,150,true],"medium":["https:\/\/www.codar.cl\/index\/wp-content\/uploads\/2026\/09\/IMG_1179-225x300.jpeg",225,300,true],"large":["https:\/\/www.codar.cl\/index\/wp-content\/uploads\/2026\/09\/IMG_1179-scaled.jpeg",1920,2560,false],"post-thumbnail":["https:\/\/www.codar.cl\/index\/wp-content\/uploads\/2026\/09\/IMG_1179-770x513.jpeg",770,513,true]},"rttpg_author":{"display_name":"Marcela cadematorig","author_link":"https:\/\/www.codar.cl\/index\/author\/marcela\/"},"rttpg_comment":0,"rttpg_category":"<a href=\"https:\/\/www.codar.cl\/index\/category\/sin-categoria\/\" rel=\"category tag\">Actividades<\/a>","rttpg_excerpt":"Con Sala Codar repleta empezamos este mes de septiembre junto al musical &#8220;Pasamos Agosto&#8221; que estuvo a cargo de Rub\u00e9n G\u00e1lvez, quien revivi\u00f3 grandes cl\u00e1sicos de todos los tiempos.","_links":{"self":[{"href":"https:\/\/www.codar.cl\/index\/wp-json\/wp\/v2\/posts\/15087","targetHints":{"allow":["GET"]}}],"collection":[{"href":"https:\/\/www.codar.cl\/index\/wp-json\/wp\/v2\/posts"}],"about":[{"href":"https:\/\/www.codar.cl\/index\/wp-json\/wp\/v2\/types\/post"}],"author":[{"embeddable":true,"href":"https:\/\/www.codar.cl\/index\/wp-json\/wp\/v2\/users\/2"}],"replies":[{"embeddable":true,"href":"https:\/\/www.codar.cl\/index\/wp-json\/wp\/v2\/comments?post=15087"}],"version-history":[{"count":2,"href":"https:\/\/www.codar.cl\/index\/wp-json\/wp\/v2\/posts\/15087\/revisions"}],"predecessor-version":[{"id":15090,"href":"https:\/\/www.codar.cl\/index\/wp-json\/wp\/v2\/posts\/15087\/revisions\/15090"}],"wp:featuredmedia":[{"embeddable":true,"href":"https:\/\/www.codar.cl\/index\/wp-json\/wp\/v2\/media\/15088"}],"wp:attachment":[{"href":"https:\/\/www.codar.cl\/index\/wp-json\/wp\/v2\/media?parent=15087"}],"wp:term":[{"taxonomy":"category","embeddable":true,"href":"https:\/\/www.codar.cl\/index\/wp-json\/wp\/v2\/categories?post=15087"},{"taxonomy":"post_tag","embeddable":true,"href":"https:\/\/www.codar.cl\/index\/wp-json\/wp\/v2\/tags?post=15087"}],"curies":[{"name":"wp","href":"https:\/\/api.w.org\/{rel}","templated":true}]}}