{"id":239,"date":"2018-11-30T07:18:00","date_gmt":"2018-11-30T07:18:00","guid":{"rendered":"https:\/\/atixscripts.info\/demo\/minimagdemo\/?p=239"},"modified":"2020-01-28T22:33:00","modified_gmt":"2020-01-28T22:33:00","slug":"gala-patinaje-plaza-anakena","status":"publish","type":"post","link":"https:\/\/www.codar.cl\/index\/gala-patinaje-plaza-anakena\/","title":{"rendered":"Gala de Patinaje, Plaza Anakena"},"content":{"rendered":"<p>Las alumnas de la Academia de Patinaje Art\u00edstico Jard\u00edn del Mar, dirigidas por las profesoras Francisca Tapia Alfaro y Jessica Alfaro Plazo, realizar\u00e1n una gala de patinaje art\u00edstico, el pr\u00f3ximo 31 de enero, a las 19:00 horas.<\/p>\n<p>La presentaci\u00f3n se llevar\u00e1 a cabo en plaza Anakena (Los Sargazas con Cladonia). Ser\u00e1 una excelente oportunidad para disfrutar de esta maravillosa disciplina junto a la familia.<\/p>\n","protected":false},"excerpt":{"rendered":"<p>Las alumnas de la Academia de Patinaje Art\u00edstico Jard\u00edn del Mar, dirigidas por las profesoras Francisca Tapia Alfaro y Jessica Alfaro Plazo, realizar\u00e1n una gala de patinaje art\u00edstico, el pr\u00f3ximo 31 de enero, a las 19:00 horas. La presentaci\u00f3n se llevar\u00e1 a cabo en plaza Anakena (Los Sargazas con Cladonia). Ser\u00e1 una excelente oportunidad para [&hellip;]<\/p>\n","protected":false},"author":1,"featured_media":1020,"comment_status":"open","ping_status":"open","sticky":false,"template":"","format":"standard","meta":{"footnotes":""},"categories":[1],"tags":[18,22,25],"class_list":["post-239","post","type-post","status-publish","format-standard","has-post-thumbnail","hentry","category-sin-categoria","tag-fashion","tag-nature","tag-travel"],"rttpg_featured_image_url":{"full":["https:\/\/www.codar.cl\/index\/wp-content\/uploads\/2017\/08\/deporte.jpg",1024,692,false],"landscape":["https:\/\/www.codar.cl\/index\/wp-content\/uploads\/2017\/08\/deporte.jpg",1024,692,false],"portraits":["https:\/\/www.codar.cl\/index\/wp-content\/uploads\/2017\/08\/deporte.jpg",1024,692,false],"thumbnail":["https:\/\/www.codar.cl\/index\/wp-content\/uploads\/2017\/08\/deporte-150x150.jpg",150,150,true],"medium":["https:\/\/www.codar.cl\/index\/wp-content\/uploads\/2017\/08\/deporte-300x203.jpg",300,203,true],"large":["https:\/\/www.codar.cl\/index\/wp-content\/uploads\/2017\/08\/deporte.jpg",1024,692,false],"post-thumbnail":["https:\/\/www.codar.cl\/index\/wp-content\/uploads\/2017\/08\/deporte-770x513.jpg",770,513,true]},"rttpg_author":{"display_name":"Codar","author_link":"https:\/\/www.codar.cl\/index\/author\/borrar\/"},"rttpg_comment":0,"rttpg_category":"<a href=\"https:\/\/www.codar.cl\/index\/category\/sin-categoria\/\" rel=\"category tag\">Actividades<\/a>","rttpg_excerpt":"Las alumnas de la Academia de Patinaje Art\u00edstico Jard\u00edn del Mar, dirigidas por las profesoras Francisca Tapia Alfaro y Jessica Alfaro Plazo, realizar\u00e1n una gala de patinaje art\u00edstico, el pr\u00f3ximo 31 de enero, a las 19:00 horas. La presentaci\u00f3n se llevar\u00e1 a cabo en plaza Anakena (Los Sargazas con Cladonia). Ser\u00e1 una excelente oportunidad para&hellip;","_links":{"self":[{"href":"https:\/\/www.codar.cl\/index\/wp-json\/wp\/v2\/posts\/239","targetHints":{"allow":["GET"]}}],"collection":[{"href":"https:\/\/www.codar.cl\/index\/wp-json\/wp\/v2\/posts"}],"about":[{"href":"https:\/\/www.codar.cl\/index\/wp-json\/wp\/v2\/types\/post"}],"author":[{"embeddable":true,"href":"https:\/\/www.codar.cl\/index\/wp-json\/wp\/v2\/users\/1"}],"replies":[{"embeddable":true,"href":"https:\/\/www.codar.cl\/index\/wp-json\/wp\/v2\/comments?post=239"}],"version-history":[{"count":1,"href":"https:\/\/www.codar.cl\/index\/wp-json\/wp\/v2\/posts\/239\/revisions"}],"predecessor-version":[{"id":1021,"href":"https:\/\/www.codar.cl\/index\/wp-json\/wp\/v2\/posts\/239\/revisions\/1021"}],"wp:featuredmedia":[{"embeddable":true,"href":"https:\/\/www.codar.cl\/index\/wp-json\/wp\/v2\/media\/1020"}],"wp:attachment":[{"href":"https:\/\/www.codar.cl\/index\/wp-json\/wp\/v2\/media?parent=239"}],"wp:term":[{"taxonomy":"category","embeddable":true,"href":"https:\/\/www.codar.cl\/index\/wp-json\/wp\/v2\/categories?post=239"},{"taxonomy":"post_tag","embeddable":true,"href":"https:\/\/www.codar.cl\/index\/wp-json\/wp\/v2\/tags?post=239"}],"curies":[{"name":"wp","href":"https:\/\/api.w.org\/{rel}","templated":true}]}}