{"id":7022,"date":"2022-12-19T20:32:03","date_gmt":"2022-12-19T20:32:03","guid":{"rendered":"https:\/\/www.codar.cl\/index\/?p=7022"},"modified":"2022-12-19T20:40:30","modified_gmt":"2022-12-19T20:40:30","slug":"desafios-agrupacion-barrio-renaca","status":"publish","type":"post","link":"https:\/\/www.codar.cl\/index\/desafios-agrupacion-barrio-renaca\/","title":{"rendered":"LOS DESAF\u00cdOS DE LA AGRUPACI\u00d3N BARRIO RE\u00d1ACA"},"content":{"rendered":"\n<p>En el mes de abril del 2022, se conform\u00f3 esta agrupaci\u00f3n con el fin de atender las necesidades y principales problem\u00e1ticas del comercio en Re\u00f1aca. Fue as\u00ed como un grupo de locatarios del sector se organizaron siguiendo el modelo de lo que ya se hab\u00eda realizado en Barrio Poniente.<\/p>\n\n\n\n<p>Daniel Torres, due\u00f1o del caf\u00e9 Be Coffee, y uno de los gestores de esta iniciativa, comenta que el objetivo es trabajar con miras al 2023 en diversos proyectos.<\/p>\n\n\n\n<p>A corto plazo se pretende abordar el problema de la seguridad, se quiere sumar a otros comerciantes del sector, y se busca que en esta asociatividad exista representatividad frente a las autoridades, para trabajar por aquellos temas que signifiquen beneficios para los locatarios.<\/p>\n\n\n\n<p>Daniel agrega que la idea es impulsar iniciativas para Re\u00f1aca y sus residentes, con el fin de que durante todo el a\u00f1o exista una oferta que satisfaga sus necesidades. \u201cObviamente que tambi\u00e9n nos interesan los turistas, pero queremos que Re\u00f1aca sea un lugar para recorrer, descubrir y visitar durante todo el a\u00f1o\u201d.<\/p>\n\n\n\n<p>Y es que el sector posee una serie de atributos que lo podr\u00edan convertir en un lugar con identidad propia, que sea reconocido por quienes habitan en \u00e9l y por quienes andan de paso.<\/p>\n\n\n\n<p>La Agrupaci\u00f3n Barrio Re\u00f1aca est\u00e1 abierta para que todos quienes quieran sumarse, lo hagan. Solo deben tener como requisito patente comercial al d\u00eda y ser due\u00f1o de la marca, no necesariamente del local.<\/p>\n\n\n\n<p>Si quieres mayor informaci\u00f3n, puedes escribir a <a href=\"mailto:barriorenaca@gmail.com\">barriorenaca@gmail.com<\/a> o al IG barriorenaca_vina<\/p>\n\n\n\n<figure class=\"wp-block-gallery has-nested-images columns-default is-cropped wp-block-gallery-1 is-layout-flex wp-block-gallery-is-layout-flex\">\n<figure class=\"wp-block-image size-large\"><img fetchpriority=\"high\" decoding=\"async\" width=\"768\" height=\"1024\" data-id=\"7024\" src=\"https:\/\/www.codar.cl\/index\/wp-content\/uploads\/2022\/12\/IMG_0414-768x1024.jpg\" alt=\"\" class=\"wp-image-7024\" srcset=\"https:\/\/www.codar.cl\/index\/wp-content\/uploads\/2022\/12\/IMG_0414-768x1024.jpg 768w, https:\/\/www.codar.cl\/index\/wp-content\/uploads\/2022\/12\/IMG_0414-225x300.jpg 225w, https:\/\/www.codar.cl\/index\/wp-content\/uploads\/2022\/12\/IMG_0414-1152x1536.jpg 1152w, https:\/\/www.codar.cl\/index\/wp-content\/uploads\/2022\/12\/IMG_0414-1536x2048.jpg 1536w, https:\/\/www.codar.cl\/index\/wp-content\/uploads\/2022\/12\/IMG_0414-370x494.jpg 370w, https:\/\/www.codar.cl\/index\/wp-content\/uploads\/2022\/12\/IMG_0414-scaled.jpg 1920w\" sizes=\"(max-width: 768px) 100vw, 768px\" \/><\/figure>\n<\/figure>\n\n\n<figure class=\"wp-block-post-featured-image\"><img decoding=\"async\" width=\"770\" height=\"513\" src=\"https:\/\/www.codar.cl\/index\/wp-content\/uploads\/2022\/12\/IMG_0414-1-770x513.jpg\" class=\"attachment-post-thumbnail size-post-thumbnail wp-post-image\" alt=\"\" style=\"object-fit:cover;\" srcset=\"https:\/\/www.codar.cl\/index\/wp-content\/uploads\/2022\/12\/IMG_0414-1-770x513.jpg 770w, https:\/\/www.codar.cl\/index\/wp-content\/uploads\/2022\/12\/IMG_0414-1-345x230.jpg 345w, https:\/\/www.codar.cl\/index\/wp-content\/uploads\/2022\/12\/IMG_0414-1-370x247.jpg 370w, https:\/\/www.codar.cl\/index\/wp-content\/uploads\/2022\/12\/IMG_0414-1-440x294.jpg 440w, https:\/\/www.codar.cl\/index\/wp-content\/uploads\/2022\/12\/IMG_0414-1-570x380.jpg 570w, https:\/\/www.codar.cl\/index\/wp-content\/uploads\/2022\/12\/IMG_0414-1-170x113.jpg 170w\" sizes=\"(max-width: 770px) 100vw, 770px\" \/><\/figure>\n\n<figure class=\"wp-block-post-featured-image\"><img decoding=\"async\" width=\"770\" height=\"513\" src=\"https:\/\/www.codar.cl\/index\/wp-content\/uploads\/2022\/12\/IMG_0414-1-770x513.jpg\" class=\"attachment-post-thumbnail size-post-thumbnail wp-post-image\" alt=\"\" style=\"object-fit:cover;\" srcset=\"https:\/\/www.codar.cl\/index\/wp-content\/uploads\/2022\/12\/IMG_0414-1-770x513.jpg 770w, https:\/\/www.codar.cl\/index\/wp-content\/uploads\/2022\/12\/IMG_0414-1-345x230.jpg 345w, https:\/\/www.codar.cl\/index\/wp-content\/uploads\/2022\/12\/IMG_0414-1-370x247.jpg 370w, https:\/\/www.codar.cl\/index\/wp-content\/uploads\/2022\/12\/IMG_0414-1-440x294.jpg 440w, https:\/\/www.codar.cl\/index\/wp-content\/uploads\/2022\/12\/IMG_0414-1-570x380.jpg 570w, https:\/\/www.codar.cl\/index\/wp-content\/uploads\/2022\/12\/IMG_0414-1-170x113.jpg 170w\" sizes=\"(max-width: 770px) 100vw, 770px\" \/><\/figure>","protected":false},"excerpt":{"rendered":"<p>En el mes de abril del 2022, se conform\u00f3 esta agrupaci\u00f3n con el fin de atender las necesidades y principales problem\u00e1ticas del comercio en Re\u00f1aca. Fue as\u00ed como un grupo de locatarios del sector se organizaron siguiendo el modelo de lo que ya se hab\u00eda realizado en Barrio Poniente. Daniel Torres, due\u00f1o del caf\u00e9 Be [&hellip;]<\/p>\n","protected":false},"author":2,"featured_media":7026,"comment_status":"open","ping_status":"open","sticky":false,"template":"","format":"standard","meta":{"footnotes":""},"categories":[1],"tags":[],"class_list":["post-7022","post","type-post","status-publish","format-standard","has-post-thumbnail","hentry","category-sin-categoria"],"rttpg_featured_image_url":{"full":["https:\/\/www.codar.cl\/index\/wp-content\/uploads\/2022\/12\/IMG_0414-1-scaled.jpg",1920,2560,false],"landscape":["https:\/\/www.codar.cl\/index\/wp-content\/uploads\/2022\/12\/IMG_0414-1-scaled.jpg",1920,2560,false],"portraits":["https:\/\/www.codar.cl\/index\/wp-content\/uploads\/2022\/12\/IMG_0414-1-scaled.jpg",1920,2560,false],"thumbnail":["https:\/\/www.codar.cl\/index\/wp-content\/uploads\/2022\/12\/IMG_0414-1-150x150.jpg",150,150,true],"medium":["https:\/\/www.codar.cl\/index\/wp-content\/uploads\/2022\/12\/IMG_0414-1-225x300.jpg",225,300,true],"large":["https:\/\/www.codar.cl\/index\/wp-content\/uploads\/2022\/12\/IMG_0414-1-768x1024.jpg",474,632,true],"1536x1536":["https:\/\/www.codar.cl\/index\/wp-content\/uploads\/2022\/12\/IMG_0414-1-1152x1536.jpg",1152,1536,true],"2048x2048":["https:\/\/www.codar.cl\/index\/wp-content\/uploads\/2022\/12\/IMG_0414-1-1536x2048.jpg",1536,2048,true],"minimag_345_308":["https:\/\/www.codar.cl\/index\/wp-content\/uploads\/2022\/12\/IMG_0414-1-345x308.jpg",345,308,true],"minimag_100_80":["https:\/\/www.codar.cl\/index\/wp-content\/uploads\/2022\/12\/IMG_0414-1-100x80.jpg",100,80,true],"minimag_345_230":["https:\/\/www.codar.cl\/index\/wp-content\/uploads\/2022\/12\/IMG_0414-1-345x230.jpg",345,230,true],"minimag_1170_500":["https:\/\/www.codar.cl\/index\/wp-content\/uploads\/2022\/12\/IMG_0414-1-1170x500.jpg",1170,500,true],"minimag_1170_669":["https:\/\/www.codar.cl\/index\/wp-content\/uploads\/2022\/12\/IMG_0414-1-1170x669.jpg",1170,669,true],"minimag_770_440":["https:\/\/www.codar.cl\/index\/wp-content\/uploads\/2022\/12\/IMG_0414-1-770x440.jpg",770,440,true],"minimag_170_170":["https:\/\/www.codar.cl\/index\/wp-content\/uploads\/2022\/12\/IMG_0414-1-170x170.jpg",170,170,true],"minimag_1170_605":["https:\/\/www.codar.cl\/index\/wp-content\/uploads\/2022\/12\/IMG_0414-1-1170x605.jpg",1170,605,true],"minimag_770_513":["https:\/\/www.codar.cl\/index\/wp-content\/uploads\/2022\/12\/IMG_0414-1-770x513.jpg",770,513,true],"minimag_910_550":["https:\/\/www.codar.cl\/index\/wp-content\/uploads\/2022\/12\/IMG_0414-1-910x550.jpg",910,550,true],"minimag_370_247":["https:\/\/www.codar.cl\/index\/wp-content\/uploads\/2022\/12\/IMG_0414-1-370x247.jpg",370,247,true],"minimag_270_220":["https:\/\/www.codar.cl\/index\/wp-content\/uploads\/2022\/12\/IMG_0414-1-270x220.jpg",270,220,true],"minimag_440_293":["https:\/\/www.codar.cl\/index\/wp-content\/uploads\/2022\/12\/IMG_0414-1-440x293.jpg",440,293,true],"minimag_351_247":["https:\/\/www.codar.cl\/index\/wp-content\/uploads\/2022\/12\/IMG_0414-1-351x247.jpg",351,247,true],"minimag_570_380":["https:\/\/www.codar.cl\/index\/wp-content\/uploads\/2022\/12\/IMG_0414-1-570x380.jpg",570,380,true],"minimag_501_375":["https:\/\/www.codar.cl\/index\/wp-content\/uploads\/2022\/12\/IMG_0414-1-501x375.jpg",501,375,true],"minimag_770_500":["https:\/\/www.codar.cl\/index\/wp-content\/uploads\/2022\/12\/IMG_0414-1-770x500.jpg",770,500,true],"minimag_395_499":["https:\/\/www.codar.cl\/index\/wp-content\/uploads\/2022\/12\/IMG_0414-1-395x499.jpg",395,499,true],"minimag_1164_500":["https:\/\/www.codar.cl\/index\/wp-content\/uploads\/2022\/12\/IMG_0414-1-1164x500.jpg",1164,500,true],"minimag_700_600":["https:\/\/www.codar.cl\/index\/wp-content\/uploads\/2022\/12\/IMG_0414-1-700x600.jpg",700,600,true],"minimag_477_500":["https:\/\/www.codar.cl\/index\/wp-content\/uploads\/2022\/12\/IMG_0414-1-477x500.jpg",477,500,true],"minimag_370_493":["https:\/\/www.codar.cl\/index\/wp-content\/uploads\/2022\/12\/IMG_0414-1-370x493.jpg",370,493,true],"minimag_370_370":["https:\/\/www.codar.cl\/index\/wp-content\/uploads\/2022\/12\/IMG_0414-1-370x370.jpg",370,370,true],"minimag_370_555":["https:\/\/www.codar.cl\/index\/wp-content\/uploads\/2022\/12\/IMG_0414-1-370x555.jpg",370,555,true],"minimag_370_399":["https:\/\/www.codar.cl\/index\/wp-content\/uploads\/2022\/12\/IMG_0414-1-370x399.jpg",370,399,true],"minimag_370_494":["https:\/\/www.codar.cl\/index\/wp-content\/uploads\/2022\/12\/IMG_0414-1-370x494.jpg",370,494,true],"minimag_370_241":["https:\/\/www.codar.cl\/index\/wp-content\/uploads\/2022\/12\/IMG_0414-1-370x241.jpg",370,241,true],"minimag_440_660":["https:\/\/www.codar.cl\/index\/wp-content\/uploads\/2022\/12\/IMG_0414-1-440x660.jpg",440,660,true],"minimag_440_440":["https:\/\/www.codar.cl\/index\/wp-content\/uploads\/2022\/12\/IMG_0414-1-440x440.jpg",440,440,true],"minimag_440_589":["https:\/\/www.codar.cl\/index\/wp-content\/uploads\/2022\/12\/IMG_0414-1-440x589.jpg",440,589,true],"minimag_440_580":["https:\/\/www.codar.cl\/index\/wp-content\/uploads\/2022\/12\/IMG_0414-1-440x580.jpg",440,580,true],"minimag_440_294":["https:\/\/www.codar.cl\/index\/wp-content\/uploads\/2022\/12\/IMG_0414-1-440x294.jpg",440,294,true],"minimag_370_479":["https:\/\/www.codar.cl\/index\/wp-content\/uploads\/2022\/12\/IMG_0414-1-370x479.jpg",370,479,true],"minimag_396_248":["https:\/\/www.codar.cl\/index\/wp-content\/uploads\/2022\/12\/IMG_0414-1-396x248.jpg",396,248,true],"post-thumbnail":["https:\/\/www.codar.cl\/index\/wp-content\/uploads\/2022\/12\/IMG_0414-1-770x513.jpg",770,513,true],"minimag_1920_400":["https:\/\/www.codar.cl\/index\/wp-content\/uploads\/2022\/12\/IMG_0414-1-1920x400.jpg",1920,400,true],"minimag_1170_250":["https:\/\/www.codar.cl\/index\/wp-content\/uploads\/2022\/12\/IMG_0414-1-1170x250.jpg",1170,250,true],"minimag_170_113":["https:\/\/www.codar.cl\/index\/wp-content\/uploads\/2022\/12\/IMG_0414-1-170x113.jpg",170,113,true]},"rttpg_author":{"display_name":"Marcela cadematorig","author_link":"https:\/\/www.codar.cl\/index\/author\/marcela\/"},"rttpg_comment":0,"rttpg_category":"<a href=\"https:\/\/www.codar.cl\/index\/category\/sin-categoria\/\" rel=\"category tag\">Actividades<\/a>","rttpg_excerpt":"En el mes de abril del 2022, se conform\u00f3 esta agrupaci\u00f3n con el fin de atender las necesidades y principales problem\u00e1ticas del comercio en Re\u00f1aca. Fue as\u00ed como un grupo de locatarios del sector se organizaron siguiendo el modelo de lo que ya se hab\u00eda realizado en Barrio Poniente. Daniel Torres, due\u00f1o del caf\u00e9 Be&hellip;","_links":{"self":[{"href":"https:\/\/www.codar.cl\/index\/wp-json\/wp\/v2\/posts\/7022","targetHints":{"allow":["GET"]}}],"collection":[{"href":"https:\/\/www.codar.cl\/index\/wp-json\/wp\/v2\/posts"}],"about":[{"href":"https:\/\/www.codar.cl\/index\/wp-json\/wp\/v2\/types\/post"}],"author":[{"embeddable":true,"href":"https:\/\/www.codar.cl\/index\/wp-json\/wp\/v2\/users\/2"}],"replies":[{"embeddable":true,"href":"https:\/\/www.codar.cl\/index\/wp-json\/wp\/v2\/comments?post=7022"}],"version-history":[{"count":3,"href":"https:\/\/www.codar.cl\/index\/wp-json\/wp\/v2\/posts\/7022\/revisions"}],"predecessor-version":[{"id":7028,"href":"https:\/\/www.codar.cl\/index\/wp-json\/wp\/v2\/posts\/7022\/revisions\/7028"}],"wp:featuredmedia":[{"embeddable":true,"href":"https:\/\/www.codar.cl\/index\/wp-json\/wp\/v2\/media\/7026"}],"wp:attachment":[{"href":"https:\/\/www.codar.cl\/index\/wp-json\/wp\/v2\/media?parent=7022"}],"wp:term":[{"taxonomy":"category","embeddable":true,"href":"https:\/\/www.codar.cl\/index\/wp-json\/wp\/v2\/categories?post=7022"},{"taxonomy":"post_tag","embeddable":true,"href":"https:\/\/www.codar.cl\/index\/wp-json\/wp\/v2\/tags?post=7022"}],"curies":[{"name":"wp","href":"https:\/\/api.w.org\/{rel}","templated":true}]}}