{"id":8730,"date":"2024-10-30T18:17:01","date_gmt":"2024-10-30T18:17:01","guid":{"rendered":"https:\/\/www.codar.cl\/index\/?p=8730"},"modified":"2024-11-14T04:02:38","modified_gmt":"2024-11-14T04:02:38","slug":"comienzan-las-obras-de-mejoramiento-de-avenida-balmaceda","status":"publish","type":"post","link":"https:\/\/www.codar.cl\/index\/comienzan-las-obras-de-mejoramiento-de-avenida-balmaceda\/","title":{"rendered":"COMIENZAN LAS OBRAS DE MEJORAMIENTO DE AVENIDA BALMACEDA"},"content":{"rendered":"\n<p>El proyecto, ejecutado por SERVIU, contempla una duraci\u00f3n de 154 d\u00edas, comenzando el lunes 4 de noviembre<\/p>\n\n\n\n<p>Los trabajos &nbsp;contemplan pavimentaci\u00f3n en calle Torreblanca, Condell, Lynch y Central.<\/p>\n\n\n\n<p>Se sumar\u00e1 &nbsp;&nbsp;un nuevo sem\u00e1foro en la esquina de Condell con Balmaceda, el reemplazo de las actuales luminarias por focos led de bajo consumo energ\u00e9tico, la instalaci\u00f3n de nueva se\u00f1al\u00e9tica y reubicaci\u00f3n de la que est\u00e1 actualmente. Tambi\u00e9n se realizar\u00e1 la limpieza y mantenci\u00f3n de la infraestructura destinada a descargar las aguas lluvias.<\/p>\n\n\n\n<p>El paisajismo y mobiliario urbano ser\u00e1 mejorado, pues las obras incluyen la<\/p>\n\n\n\n<p>instalaci\u00f3n de esca\u00f1os de hormig\u00f3n, basureros y plantaci\u00f3n de nuevas especies.<\/p>\n\n\n\n<p>Los trabajos se realizar\u00e1n en 3 frentes. El primero en la intersecci\u00f3n de Balmaceda con Borgo\u00f1o, donde se incluir\u00e1 una tercera pista y se trabajar\u00e1 en obras de aguas lluvias.<\/p>\n\n\n\n<p>El frente 2 estar\u00e1 avanzando desde el poniente hacia calle Torreblanca y el tercer frente incluye la construcci\u00f3n de una faja hormig\u00f3n en Torreblanca y se trabajar\u00e1 entre calles Lynch y Almirante Riveros.<\/p>\n\n\n\n<p>Estas obras forman parte del macro proyecto \u201cMejoramiento conexi\u00f3n vial Concon- Re\u00f1aca-Vi\u00f1a del Mar<\/p>\n\n\n<figure class=\"wp-block-post-featured-image\"><img fetchpriority=\"high\" decoding=\"async\" width=\"770\" height=\"513\" src=\"https:\/\/www.codar.cl\/index\/wp-content\/uploads\/2024\/10\/IMG_7759-770x513.jpg\" class=\"attachment-post-thumbnail size-post-thumbnail wp-post-image\" alt=\"\" style=\"object-fit:cover;\" \/><\/figure>","protected":false},"excerpt":{"rendered":"<p>El proyecto, ejecutado por SERVIU, contempla una duraci\u00f3n de 154 d\u00edas, comenzando el lunes 4 de noviembre Los trabajos &nbsp;contemplan pavimentaci\u00f3n en calle Torreblanca, Condell, Lynch y Central. Se sumar\u00e1 &nbsp;&nbsp;un nuevo sem\u00e1foro en la esquina de Condell con Balmaceda, el reemplazo de las actuales luminarias por focos led de bajo consumo energ\u00e9tico, la instalaci\u00f3n [&hellip;]<\/p>\n","protected":false},"author":2,"featured_media":8731,"comment_status":"open","ping_status":"open","sticky":false,"template":"","format":"standard","meta":{"footnotes":""},"categories":[2],"tags":[],"class_list":["post-8730","post","type-post","status-publish","format-standard","has-post-thumbnail","hentry","category-noticias"],"rttpg_featured_image_url":{"full":["https:\/\/www.codar.cl\/index\/wp-content\/uploads\/2024\/10\/IMG_7759-scaled.jpg",1920,2560,false],"landscape":["https:\/\/www.codar.cl\/index\/wp-content\/uploads\/2024\/10\/IMG_7759-scaled.jpg",1920,2560,false],"portraits":["https:\/\/www.codar.cl\/index\/wp-content\/uploads\/2024\/10\/IMG_7759-scaled.jpg",1920,2560,false],"thumbnail":["https:\/\/www.codar.cl\/index\/wp-content\/uploads\/2024\/10\/IMG_7759-150x150.jpg",150,150,true],"medium":["https:\/\/www.codar.cl\/index\/wp-content\/uploads\/2024\/10\/IMG_7759-225x300.jpg",225,300,true],"large":["https:\/\/www.codar.cl\/index\/wp-content\/uploads\/2024\/10\/IMG_7759-scaled.jpg",1920,2560,false],"post-thumbnail":["https:\/\/www.codar.cl\/index\/wp-content\/uploads\/2024\/10\/IMG_7759-770x513.jpg",770,513,true]},"rttpg_author":{"display_name":"Marcela cadematorig","author_link":"https:\/\/www.codar.cl\/index\/author\/marcela\/"},"rttpg_comment":0,"rttpg_category":"<a href=\"https:\/\/www.codar.cl\/index\/category\/noticias\/\" rel=\"category tag\">Noticias Codar<\/a>","rttpg_excerpt":"El proyecto, ejecutado por SERVIU, contempla una duraci\u00f3n de 154 d\u00edas, comenzando el lunes 4 de noviembre Los trabajos &nbsp;contemplan pavimentaci\u00f3n en calle Torreblanca, Condell, Lynch y Central. Se sumar\u00e1 &nbsp;&nbsp;un nuevo sem\u00e1foro en la esquina de Condell con Balmaceda, el reemplazo de las actuales luminarias por focos led de bajo consumo energ\u00e9tico, la instalaci\u00f3n&hellip;","_links":{"self":[{"href":"https:\/\/www.codar.cl\/index\/wp-json\/wp\/v2\/posts\/8730","targetHints":{"allow":["GET"]}}],"collection":[{"href":"https:\/\/www.codar.cl\/index\/wp-json\/wp\/v2\/posts"}],"about":[{"href":"https:\/\/www.codar.cl\/index\/wp-json\/wp\/v2\/types\/post"}],"author":[{"embeddable":true,"href":"https:\/\/www.codar.cl\/index\/wp-json\/wp\/v2\/users\/2"}],"replies":[{"embeddable":true,"href":"https:\/\/www.codar.cl\/index\/wp-json\/wp\/v2\/comments?post=8730"}],"version-history":[{"count":1,"href":"https:\/\/www.codar.cl\/index\/wp-json\/wp\/v2\/posts\/8730\/revisions"}],"predecessor-version":[{"id":8732,"href":"https:\/\/www.codar.cl\/index\/wp-json\/wp\/v2\/posts\/8730\/revisions\/8732"}],"wp:featuredmedia":[{"embeddable":true,"href":"https:\/\/www.codar.cl\/index\/wp-json\/wp\/v2\/media\/8731"}],"wp:attachment":[{"href":"https:\/\/www.codar.cl\/index\/wp-json\/wp\/v2\/media?parent=8730"}],"wp:term":[{"taxonomy":"category","embeddable":true,"href":"https:\/\/www.codar.cl\/index\/wp-json\/wp\/v2\/categories?post=8730"},{"taxonomy":"post_tag","embeddable":true,"href":"https:\/\/www.codar.cl\/index\/wp-json\/wp\/v2\/tags?post=8730"}],"curies":[{"name":"wp","href":"https:\/\/api.w.org\/{rel}","templated":true}]}}